{"id":42404,"date":"2019-09-09T00:36:48","date_gmt":"2019-09-09T00:36:48","guid":{"rendered":"http:\/\/diariodominicano.ddns.net\/?p=42404"},"modified":"2019-09-09T00:36:48","modified_gmt":"2019-09-09T00:36:48","slug":"precanditados-y-candidatos-omisiones-calculadas","status":"publish","type":"post","link":"https:\/\/diariodominicano.com\/?p=42404","title":{"rendered":"PRECANDITADOS Y CANDIDATOS: OMISIONES  CALCULADAS"},"content":{"rendered":"<p><body><\/p>\n<\/p>\n<p><strong>Por Narciso Isa Conde<\/strong><\/p>\n<\/p>\n<p>Abundan omisiones calculadas en las agendas de pre-candidatos y abundar\u00e1n m\u00e1s aun en las de candidatos a cargos electivos en el 2020.  Predominan y predominar\u00e1n en planchas partidistas personas  enriquecidas en la pol\u00edtica, pol\u00edticos financiados con dinero robado, testaferros de corporaciones, empresarios metidos a pol\u00edticos y pol\u00edticos a empresarios, narcos-empresarios o testaferros de ellos, corruptos impunes o en busca de impunidad&#8230;<\/p>\n<\/p>\n<p>Las elecciones venideras no ser\u00e1n propicias para precandidatos\/os y candidatos\/as sin dinero, decididos\/as a no renunciar a la honestidad y a  no aliarse a clanes corruptos. La privatizaci\u00f3n y mercantilizaci\u00f3n de las postulaciones y sus elevados costos, la inversi\u00f3n en el negocio de la pol\u00edtica y el mercado de las votaciones,  han sido dise\u00f1adas para gente con grandes fortunas, asociadas a carteles legales e ilegales, al servicio de los tutumpotes del capitalismo gansterizado. Las excepciones, exitosas o no, solo habr\u00e1n de confirmar la regla.<\/p>\n<\/p>\n<p>Entre quienes ambicionan la Presidencia de la Rep\u00fablica con posibilidades de competir por alcanzarla, los hay magnates del capital privado, pol\u00edticos enriquecidos a base de corrupci\u00f3n y pol\u00edticos profesionales financiados por corporaciones privadas o por capitales acumulado v\u00eda asociaciones delictivas estatales-privadas. Tambi\u00e9n producto de ciertas mezcolanzas entre algunas de esas formulas.<\/p>\n<\/p>\n<p>De ah\u00ed que ni ellos ni sus partidos se refieran a la corruptela propia, solo existe la que se le puede atribuir al contendor. Los nombres de los 10 s\u00faper-ricos que se asumen como due\u00f1os del pa\u00eds, responsables en gran medida de la tragedia social y ambiental de la Naci\u00f3n, no llegan a sus labios a no ser para elogiarlos.<\/p>\n<\/p>\n<p>Las historias y el presente depredador y saqueador de FALCONDO y BARRICK GOLD no merecen su atenci\u00f3n. Gold Quest, Uni Gold y Everton no constituyen amenazas contra las fuentes de agua y la vida misma de esta isla. Sus miradas no alcanzan a ver la crisis ambiental, mucho menos a sus responsables reunidos en las c\u00e1maras minera, forestal y americana de comercio y el CONEP.<\/p>\n<\/p>\n<p>Neoliberalismo, recolonizaci\u00f3n, comida basura, latifundio, negocios privados en salud, seguridad social, pensiones y  educaci\u00f3n que degradan derechos fundamentales,  parasitismo de las ARS Y AFP, usura bancaria y consorciados de ODEBRECHY&#8230; son invenciones de mentes delirantes no incluibles en sus agendas electoralistas.<\/p>\n<\/p>\n<p> Las mafias estatales-privadas de combustibles, importaciones de alimentos, construcci\u00f3n, f\u00e1rmacos, transporte, empresas el\u00e9ctricas&#8230;tampoco caben en sus agendas. Los narco-generales son sus agentes de seguridad privada y los cuerpos policiales-militares carcomidos por la corrupci\u00f3n y el crimen son los garantes del sistema corrupto y colonizado que se empe\u00f1an en perpetuar, junto al Pent\u00e1gono, C\u00cdA, DEA y FBI.<\/p>\n<\/p>\n<h6> 2019-09-09 00:36:48 <\/h6>\n<p><!--\n<link rel=\"stylesheet\" href=\"css\/bootstrap.min.css\">\n\n\n<ul class=\"pagination\">\n\t    \n\t\n\n<li >\n\t<a href='?page_no=541'>Previous<\/a>\n\t<\/li>\n\n\n       \n    \n\n<li><a href='?page_no=1'>1<\/a><\/li>\n\n\n\n<li><a href='?page_no=2'>2<\/a><\/li>\n\n\n\n<li><a>...<\/a><\/li>\n\n\n\n<li><a href='?page_no=540'>540<\/a><\/li>\n\n\n\n<li><a href='?page_no=541'>541<\/a><\/li>\n\n\n\n<li class='active'><a>542<\/a><\/li>\n\n\n\n<li><a href='?page_no=543'>543<\/a><\/li>\n\n\n\n<li><a href='?page_no=544'>544<\/a><\/li>\n\n\n\n<li><a>...<\/a><\/li>\n\n\n\n<li><a href='?page_no=13611'>13611<\/a><\/li>\n\n\n\n<li><a href='?page_no=13612'>13612<\/a><\/li>\n\n    \n\t\n\n<li >\n\t<a href='?page_no=543'>Next<\/a>\n\t<\/li>\n\n\n    \n\n<li><a href='?page_no=13612'>Last &rsaquo;&rsaquo;<\/a><\/li>\n\n<\/ul>\n\n\n--><br \/>\n<\/body><\/p>\n","protected":false},"excerpt":{"rendered":"<p>Por Narciso Isa Conde Abundan omisiones calculadas en las agendas de pre-candidatos y abundar\u00e1n m\u00e1s aun en las de candidatos a cargos electivos en el 2020. Predominan y predominar\u00e1n en planchas partidistas personas enriquecidas en la pol\u00edtica, pol\u00edticos financiados con dinero robado, testaferros de corporaciones, empresarios metidos a pol\u00edticos y pol\u00edticos a empresarios, narcos-empresarios o [&hellip;]<\/p>\n","protected":false},"author":3,"featured_media":0,"comment_status":"open","ping_status":"open","sticky":false,"template":"","format":"standard","meta":{"footnotes":""},"categories":[16],"tags":[],"class_list":["post-42404","post","type-post","status-publish","format-standard","hentry","category-opiniones"],"_links":{"self":[{"href":"https:\/\/diariodominicano.com\/index.php?rest_route=\/wp\/v2\/posts\/42404","targetHints":{"allow":["GET"]}}],"collection":[{"href":"https:\/\/diariodominicano.com\/index.php?rest_route=\/wp\/v2\/posts"}],"about":[{"href":"https:\/\/diariodominicano.com\/index.php?rest_route=\/wp\/v2\/types\/post"}],"author":[{"embeddable":true,"href":"https:\/\/diariodominicano.com\/index.php?rest_route=\/wp\/v2\/users\/3"}],"replies":[{"embeddable":true,"href":"https:\/\/diariodominicano.com\/index.php?rest_route=%2Fwp%2Fv2%2Fcomments&post=42404"}],"version-history":[{"count":0,"href":"https:\/\/diariodominicano.com\/index.php?rest_route=\/wp\/v2\/posts\/42404\/revisions"}],"wp:attachment":[{"href":"https:\/\/diariodominicano.com\/index.php?rest_route=%2Fwp%2Fv2%2Fmedia&parent=42404"}],"wp:term":[{"taxonomy":"category","embeddable":true,"href":"https:\/\/diariodominicano.com\/index.php?rest_route=%2Fwp%2Fv2%2Fcategories&post=42404"},{"taxonomy":"post_tag","embeddable":true,"href":"https:\/\/diariodominicano.com\/index.php?rest_route=%2Fwp%2Fv2%2Ftags&post=42404"}],"curies":[{"name":"wp","href":"https:\/\/api.w.org\/{rel}","templated":true}]}}