{"id":423887,"date":"2023-03-14T13:31:14","date_gmt":"2023-03-14T17:31:14","guid":{"rendered":"http:\/\/diariodominicano.com\/?p=423887"},"modified":"2023-03-14T13:39:01","modified_gmt":"2023-03-14T17:39:01","slug":"dictan-30-anos-de-prision-a-hombre-que-provoco-muerte-al-administrador-de-un-colmado-en-sector-renacimiento","status":"publish","type":"post","link":"https:\/\/diariodominicano.com\/?p=423887","title":{"rendered":"Condenan a 30 a\u00f1os de prisi\u00f3n a un hombre que mat\u00f3 al administrador de un colmado en el sector Renacimiento"},"content":{"rendered":"\n<p>diariodominicano.com<\/p>\n\n\n\n<p>Santo Domingo, R. D.,  13 de marzo, 2023.-  El Tercer Tribunal Colegiado del Distrito Nacional acogi\u00f3 la petici\u00f3n del Ministerio P\u00fablico y conden\u00f3 a 30 a\u00f1os de prisi\u00f3n a un hombre que el pasado a\u00f1o le provoc\u00f3 la muerte al administrador de un negocio donde laboraba como delivery, en el sector Renacimiento, del Distrito Nacional.&nbsp;Leonel Jim\u00e9nez V\u00e1squez, alias El Flaco, recibi\u00f3 la pena m\u00e1xima tras ser declarado culpable de provocarle la muerte a causa de heridas de arma blanca&nbsp;al comerciante Manuel Alberto Pujols Pujols.&nbsp;<\/p>\n\n\n\n<p>El tribunal, integrado por las juezas Milagros M. Ram\u00edrez, Leticia Mart\u00ednez Noboa y Yuleika Henr\u00edquez Romero, adopt\u00f3 la decisi\u00f3n luego de acoger las pruebas aportadas por los fiscales litigantes Orlando Santos y Julia V\u00e1squez, entre ellas, varios videos de c\u00e1maras de seguridad en las que se ve claramente al delivery hiriendo al colmadero Manuel Alberto Pujols Pujols y a este luchando por salvar su vida.&nbsp;<\/p>\n\n\n\n<p>El acta de acusaci\u00f3n instrumentada por la Fiscal\u00eda del Distrito Nacional establece que, siendo aproximadamente la 1:00 de la madrugada del 20 de mayo del 2022, el acusado&nbsp;que trabajaba como delivery en el colmado que atend\u00eda la v\u00edctima, aprovech\u00f3 que este dorm\u00eda y le asest\u00f3 varias estocadas en la espalda.&nbsp;<\/p>\n\n\n\n<p>La instancia detalla que cuando el encargado despert\u00f3 en medio de la agresi\u00f3n, logr\u00f3 pararse y enfrent\u00f3 a su agresor, quien continu\u00f3 infiri\u00e9ndole heridas en distintas partes del cuerpo con el arma blanca hasta dominarlo por completo y finalmente estrangularlo.&nbsp;<\/p>\n\n\n\n<p>Tras cometer el crimen, el imputado sustrajo del establecimiento mercanc\u00eda, dinero en efectivo y una motocicleta en la que emprendi\u00f3 la huida, siendo arrestado un mes despu\u00e9s, el 20 de junio, en el municipio Para\u00edso, en Barahona, en virtud de una orden judicial emitida en su contra.&nbsp;<\/p>\n\n\n\n<p>La conducta del condenado constituye los tipos penales de \u201casesinato, robo y porte ilegal de armas\u201d, delitos previstos y sancionados por los art\u00edculos 296, 302, 379 y 382 del C\u00f3digo Penal Dominicano, as\u00ed como 83 y 86 de la Ley 631-16, para el&nbsp;Control y Regulaci\u00f3n de Armas, Municiones y Materiales Relacionados.&nbsp;&nbsp;<\/p>\n\n\n\n<p>El dispositivo de la sentencia establece que la pena privativa de libertad dictada a Jim\u00e9nez V\u00e1squez deber\u00e1 ser cumplida en el Centro de Correcci\u00f3n y Rehabilitaci\u00f3n Najayo Hombres, en San Crist\u00f3bal, donde actualmente se encuentra recluido.&nbsp;<\/p>\n\n\n\n<p>Fuente:  Direcci\u00f3n General de Comunicaci\u00f3n, Prensa, y RRPP<\/p>\n\n\n\n<p>Ministerio P\u00fablico.&nbsp;R.D.<\/p>\n\n\n\n<p>Martes, 14 de marzo de 2023.<\/p>\n","protected":false},"excerpt":{"rendered":"<p>diariodominicano.com Santo Domingo, R. D., 13 de marzo, 2023.- El Tercer Tribunal Colegiado del Distrito Nacional acogi\u00f3 la petici\u00f3n del Ministerio P\u00fablico y conden\u00f3 a 30 a\u00f1os de prisi\u00f3n a un hombre que el pasado a\u00f1o le provoc\u00f3 la muerte al administrador de un negocio donde laboraba como delivery, en el sector Renacimiento, del Distrito [&hellip;]<\/p>\n","protected":false},"author":5,"featured_media":365009,"comment_status":"closed","ping_status":"","sticky":true,"template":"","format":"standard","meta":{"footnotes":""},"categories":[29,27],"tags":[],"class_list":["post-423887","post","type-post","status-publish","format-standard","has-post-thumbnail","hentry","category-policiasucesos","category-portada"],"_links":{"self":[{"href":"https:\/\/diariodominicano.com\/index.php?rest_route=\/wp\/v2\/posts\/423887","targetHints":{"allow":["GET"]}}],"collection":[{"href":"https:\/\/diariodominicano.com\/index.php?rest_route=\/wp\/v2\/posts"}],"about":[{"href":"https:\/\/diariodominicano.com\/index.php?rest_route=\/wp\/v2\/types\/post"}],"author":[{"embeddable":true,"href":"https:\/\/diariodominicano.com\/index.php?rest_route=\/wp\/v2\/users\/5"}],"replies":[{"embeddable":true,"href":"https:\/\/diariodominicano.com\/index.php?rest_route=%2Fwp%2Fv2%2Fcomments&post=423887"}],"version-history":[{"count":3,"href":"https:\/\/diariodominicano.com\/index.php?rest_route=\/wp\/v2\/posts\/423887\/revisions"}],"predecessor-version":[{"id":423892,"href":"https:\/\/diariodominicano.com\/index.php?rest_route=\/wp\/v2\/posts\/423887\/revisions\/423892"}],"wp:featuredmedia":[{"embeddable":true,"href":"https:\/\/diariodominicano.com\/index.php?rest_route=\/wp\/v2\/media\/365009"}],"wp:attachment":[{"href":"https:\/\/diariodominicano.com\/index.php?rest_route=%2Fwp%2Fv2%2Fmedia&parent=423887"}],"wp:term":[{"taxonomy":"category","embeddable":true,"href":"https:\/\/diariodominicano.com\/index.php?rest_route=%2Fwp%2Fv2%2Fcategories&post=423887"},{"taxonomy":"post_tag","embeddable":true,"href":"https:\/\/diariodominicano.com\/index.php?rest_route=%2Fwp%2Fv2%2Ftags&post=423887"}],"curies":[{"name":"wp","href":"https:\/\/api.w.org\/{rel}","templated":true}]}}