{"id":423847,"date":"2023-03-14T12:19:52","date_gmt":"2023-03-14T16:19:52","guid":{"rendered":"http:\/\/diariodominicano.com\/?p=423847"},"modified":"2023-03-14T12:19:52","modified_gmt":"2023-03-14T16:19:52","slug":"pn-reporta-apresa-a-dos-hombres-por-diferentes-delitos-localiza-dos-motocicletas-reportadas-como-robadas-en-santiago","status":"publish","type":"post","link":"https:\/\/diariodominicano.com\/?p=423847","title":{"rendered":"PN reporta apresa a dos hombres por diferentes delitos; localiza dos motocicletas reportadas como robadas en Santiago"},"content":{"rendered":"\n<p><\/p>\n\n\n\n<p><strong>Santiago de los Caballeros, R.D., 14 de Marzo 2023.-<\/strong>\u00a0Agentes policiales de investigaciones y preventivos adscritos a la Direcci\u00f3n Regional Cibao Central, apresaron a dos personas, uno\u00a0\u00a0por porte ilegal de arma artesanal y otro mediante orden de arresto por haber herido a un menor de edad, as\u00ed como tambi\u00e9n recuperaron\u00a0\u00a0dos motocicletas, reportadas como robadas en Santiago.<\/p>\n\n\n\n<p>En Cienfuegos fue detenido Aris Miguel Rosa de 21 a\u00f1os, tras ser sorprendido transitando de manera sospechosa en&nbsp;&nbsp;la camioneta marca Toyota, de color blanco, placa L177050, por la calle 30 del referido distrito municipal, ocup\u00e1ndole en dicho veh\u00edculo&nbsp;&nbsp;un arma de fabricaci\u00f3n casera, denominada chilena.<\/p>\n\n\n\n<p>A trav\u00e9s de un comunicado de prensa la PN tambi\u00e9n inform\u00f3 que  fue apresado Carlos Manuel Batista Espinal, de 21 a\u00f1os, mediante la orden de arresto auto No. 09361-2022, por ser el presunto autor de ocasionarle herida de arma de fuego a un adolescente de 16 a\u00f1os, por rencillas personales, en un hecho registrado el pasado 18 de septiembre del 2022, en el distrito municipal\u00a0\u00a0Hato del Yaque.<\/p>\n\n\n\n<p>En otro orden agente de Recuperaci\u00f3n de Veh\u00edculos Robados, recuperaron dos motocicletas, durante labor de seguimientos a denuncias presentadas por ciudadanos, en conjunto con miembros de investigaciones.<\/p>\n\n\n\n<p>Las motocicletas son, una marca Gato, modelo CG-200, color blanco, placa K0482281, chasis LXAPCN46EC000071, la misma fue recuperada en el sector los Salados, mientras que la motocicleta marca Honda modelo DIO, color blanco, placa No.&nbsp;N619074, chasis No.&nbsp;AF181629083 fue localizada en Villa Gonz\u00e1lez.<\/p>\n\n\n\n<p>Los detenidos y lo ocupado se encuentran en poder del Ministerio P\u00fablico para los fines procedentes, agrega la informaci\u00f3n dada por la PN.<\/p>\n\n\n\n<p>SUBDIRECCION DE COMUNICACIONES ESTRATEGICAS DE LA POLICIA NACIONAL, DIRECCI\u00d3N REGIONAL CIBAO CENTRAL.<\/p>\n","protected":false},"excerpt":{"rendered":"<p>Santiago de los Caballeros, R.D., 14 de Marzo 2023.-\u00a0Agentes policiales de investigaciones y preventivos adscritos a la Direcci\u00f3n Regional Cibao Central, apresaron a dos personas, uno\u00a0\u00a0por porte ilegal de arma artesanal y otro mediante orden de arresto por haber herido a un menor de edad, as\u00ed como tambi\u00e9n recuperaron\u00a0\u00a0dos motocicletas, reportadas como robadas en Santiago. [&hellip;]<\/p>\n","protected":false},"author":28,"featured_media":423849,"comment_status":"closed","ping_status":"","sticky":true,"template":"","format":"standard","meta":{"footnotes":""},"categories":[29,27],"tags":[],"class_list":["post-423847","post","type-post","status-publish","format-standard","has-post-thumbnail","hentry","category-policiasucesos","category-portada"],"_links":{"self":[{"href":"https:\/\/diariodominicano.com\/index.php?rest_route=\/wp\/v2\/posts\/423847","targetHints":{"allow":["GET"]}}],"collection":[{"href":"https:\/\/diariodominicano.com\/index.php?rest_route=\/wp\/v2\/posts"}],"about":[{"href":"https:\/\/diariodominicano.com\/index.php?rest_route=\/wp\/v2\/types\/post"}],"author":[{"embeddable":true,"href":"https:\/\/diariodominicano.com\/index.php?rest_route=\/wp\/v2\/users\/28"}],"replies":[{"embeddable":true,"href":"https:\/\/diariodominicano.com\/index.php?rest_route=%2Fwp%2Fv2%2Fcomments&post=423847"}],"version-history":[{"count":1,"href":"https:\/\/diariodominicano.com\/index.php?rest_route=\/wp\/v2\/posts\/423847\/revisions"}],"predecessor-version":[{"id":423850,"href":"https:\/\/diariodominicano.com\/index.php?rest_route=\/wp\/v2\/posts\/423847\/revisions\/423850"}],"wp:featuredmedia":[{"embeddable":true,"href":"https:\/\/diariodominicano.com\/index.php?rest_route=\/wp\/v2\/media\/423849"}],"wp:attachment":[{"href":"https:\/\/diariodominicano.com\/index.php?rest_route=%2Fwp%2Fv2%2Fmedia&parent=423847"}],"wp:term":[{"taxonomy":"category","embeddable":true,"href":"https:\/\/diariodominicano.com\/index.php?rest_route=%2Fwp%2Fv2%2Fcategories&post=423847"},{"taxonomy":"post_tag","embeddable":true,"href":"https:\/\/diariodominicano.com\/index.php?rest_route=%2Fwp%2Fv2%2Ftags&post=423847"}],"curies":[{"name":"wp","href":"https:\/\/api.w.org\/{rel}","templated":true}]}}