{"id":42382,"date":"2019-09-09T01:18:00","date_gmt":"2019-09-09T01:18:00","guid":{"rendered":"http:\/\/diariodominicano.ddns.net\/?p=42382"},"modified":"2019-09-09T01:18:00","modified_gmt":"2019-09-09T01:18:00","slug":"moises-ensena-que-las-causas-traen-adversidades","status":"publish","type":"post","link":"https:\/\/diariodominicano.com\/?p=42382","title":{"rendered":"MOIS\u00c9S ENSE\u00d1A QUE &#13;LAS CAUSAS TRAEN ADVERSIDADES"},"content":{"rendered":"<p><body><\/p>\n<p><strong>FRANKLIN ALMEYDA RANCIER<\/strong><\/p>\n<\/p>\n<p>Camino a las provincias visitadas el fin de semana con integrantes de la Direcci\u00f3n Electoral del Proyecto LF2020, para readiestramiento t\u00e9cnico de la plataforma digital, surgi\u00f3 en la conversaci\u00f3n el nombre de Mois\u00e9s y su significado b\u00edblico. <\/p>\n<\/p>\n<p>Se habl\u00f3 sobre su devoci\u00f3n y la tradici\u00f3n de los pueblos cuando sus tradiciones las convierten en mitolog\u00eda y \u00e9sta en religi\u00f3n. <\/p>\n<\/p>\n<p>Mois\u00e9s es mezcla de historia y mitolog\u00eda, cuando lider\u00f3 al pueblo hebreo para salir de la esclavitud, a pesar de las grandes adversidades y desventajas frente al poder\u00edo militar  del fara\u00f3n egipcio. <\/p>\n<\/p>\n<p>Se convirti\u00f3 en una causa libertaria espiritual e ideol\u00f3gicamente definida en prop\u00f3sitos; se conoce de su sacrificio los que afront\u00f3 su pueblo que parec\u00edan insuperables. M\u00e1s que sacrificios, parec\u00edan conducir a derrotas. Sin embargo, eran oportunidades para ir tramo a tramo alcanzando lo propuesto.<\/p>\n<\/p>\n<p>Mois\u00e9s tiene presencia miles de a\u00f1os despu\u00e9s en nuestro pa\u00eds, porque es emulado para que el pueblo dominicano retorne su plena libertad, su aut\u00e9ntica democracia y su progreso. Es una emulaci\u00f3n sin hab\u00e9rselo propuesto, pero la posici\u00f3n sustentada por Leonel Fern\u00e1ndez tiene un perfil libertario similar.<\/p>\n<\/p>\n<p>Las plagas que fueron desatadas sobre Egipto, ten\u00edan el prop\u00f3sito divino de colocar al pueblo hebreo camino a su libertad, no obstante sus consecuencias. Ellas sembraron desconfianza e incredulidad en el fara\u00f3n y su gobierno fue debilitado. En cambio, Mois\u00e9s sali\u00f3 de ellas fortalecido, a\u00fan dudando en esa posibilidad. <\/p>\n<\/p>\n<p>Mirando como un paralelismo, lo que ha venido sucediendo con Leonel Fern\u00e1ndez,  sus efectos han tra\u00eddo resultados contrarios a los esperados por sus adversarios.<\/p>\n<\/p>\n<p>\u00c9l ha templado y afianzado su liderazgo, siendo victimizado en la medida que injustamente se le ha vituperado e intentado descalificar moralmente. Esas adversidades les han ocasionado excepcionales oportunidades para ganar de confianza, mostrar firmeza y mucha decisi\u00f3n  en una causa de naci\u00f3n. <\/p>\n<\/p>\n<p>Dirigentes, en situaciones similares, no han actuado oportunamente, como lo ha hecho Leonel. Su papel hist\u00f3rico es indiscutible. Con frecuencia los que liderean causas se confunden con lo que es ganar y lo que es perder. Los que realmente pierden son aquellos que les atribuyen importancia a lo que en lo inmediato impacta o a lo que es mayor\u00eda o minor\u00eda. Esos pierden porque se  alejan de sus pueblos y asumen el poder como un despliegue de uso del dinero o la boca de un fusil.<\/p>\n<\/p>\n<p>Al Palacio se le debe recordar que en el 1978 el Dr. Balaguer coloc\u00f3 la bandera de su Partido Reformista en la boca del fusil de los militar que tir\u00f3 a las calles, y colocando cada 15 minutos un anuncio breve, en todas las emisoras de radio y TV, diciendo \u00abJoaqu\u00edn Balaguer es La Paz\u00bb. Las consecuencias fueron desastrosas, el pueblo reaccion\u00f3 con su fuerza y lo llev\u00f3 a perder vergonzosamente de don Antonio Guzm\u00e1n.<\/p>\n<\/p>\n<p>Las lecciones b\u00edblicas se repiten envueltos en los acontecimientos actuales y sus lecciones se deben tomar como referentes necesarios de comportamiento. El \u00e9xodo del pueblo hebreo, conducido  por Mois\u00e9s, tiene lecciones a ser consideradas en el proceso dominicano encabezado por Leonel Fern\u00e1ndez.<\/p>\n<\/p>\n<p>Una de esas lecciones es que las grandes causas traen adversidades, pero que al mismo tiempo son oportunidades para superar r\u00e9moras y manejos arbitrarios; permiten saltos de progreso y fortaleza democr\u00e1tica. Esos momentos son hist\u00f3ricos y no se repiten.<\/p>\n<p><strong>El autor es miembro del CP del PLD, ex Ministro de Interior y ex Rector de la UASD.<\/strong><\/p>\n<\/p>\n<h6> 2019-09-09 01:18:00 <\/h6>\n<p><!--\n<link rel=\"stylesheet\" href=\"css\/bootstrap.min.css\">\n\n\n<ul class=\"pagination\">\n\t    \n\t\n\n<li >\n\t<a href='?page_no=539'>Previous<\/a>\n\t<\/li>\n\n\n       \n    \n\n<li><a href='?page_no=1'>1<\/a><\/li>\n\n\n\n<li><a href='?page_no=2'>2<\/a><\/li>\n\n\n\n<li><a>...<\/a><\/li>\n\n\n\n<li><a href='?page_no=538'>538<\/a><\/li>\n\n\n\n<li><a href='?page_no=539'>539<\/a><\/li>\n\n\n\n<li class='active'><a>540<\/a><\/li>\n\n\n\n<li><a href='?page_no=541'>541<\/a><\/li>\n\n\n\n<li><a href='?page_no=542'>542<\/a><\/li>\n\n\n\n<li><a>...<\/a><\/li>\n\n\n\n<li><a href='?page_no=13611'>13611<\/a><\/li>\n\n\n\n<li><a href='?page_no=13612'>13612<\/a><\/li>\n\n    \n\t\n\n<li >\n\t<a href='?page_no=541'>Next<\/a>\n\t<\/li>\n\n\n    \n\n<li><a href='?page_no=13612'>Last &rsaquo;&rsaquo;<\/a><\/li>\n\n<\/ul>\n\n\n--><br \/>\n<\/body><\/p>\n","protected":false},"excerpt":{"rendered":"<p>FRANKLIN ALMEYDA RANCIER Camino a las provincias visitadas el fin de semana con integrantes de la Direcci\u00f3n Electoral del Proyecto LF2020, para readiestramiento t\u00e9cnico de la plataforma digital, surgi\u00f3 en la conversaci\u00f3n el nombre de Mois\u00e9s y su significado b\u00edblico. Se habl\u00f3 sobre su devoci\u00f3n y la tradici\u00f3n de los pueblos cuando sus tradiciones las [&hellip;]<\/p>\n","protected":false},"author":3,"featured_media":0,"comment_status":"open","ping_status":"open","sticky":false,"template":"","format":"standard","meta":{"footnotes":""},"categories":[16],"tags":[],"class_list":["post-42382","post","type-post","status-publish","format-standard","hentry","category-opiniones"],"_links":{"self":[{"href":"https:\/\/diariodominicano.com\/index.php?rest_route=\/wp\/v2\/posts\/42382","targetHints":{"allow":["GET"]}}],"collection":[{"href":"https:\/\/diariodominicano.com\/index.php?rest_route=\/wp\/v2\/posts"}],"about":[{"href":"https:\/\/diariodominicano.com\/index.php?rest_route=\/wp\/v2\/types\/post"}],"author":[{"embeddable":true,"href":"https:\/\/diariodominicano.com\/index.php?rest_route=\/wp\/v2\/users\/3"}],"replies":[{"embeddable":true,"href":"https:\/\/diariodominicano.com\/index.php?rest_route=%2Fwp%2Fv2%2Fcomments&post=42382"}],"version-history":[{"count":0,"href":"https:\/\/diariodominicano.com\/index.php?rest_route=\/wp\/v2\/posts\/42382\/revisions"}],"wp:attachment":[{"href":"https:\/\/diariodominicano.com\/index.php?rest_route=%2Fwp%2Fv2%2Fmedia&parent=42382"}],"wp:term":[{"taxonomy":"category","embeddable":true,"href":"https:\/\/diariodominicano.com\/index.php?rest_route=%2Fwp%2Fv2%2Fcategories&post=42382"},{"taxonomy":"post_tag","embeddable":true,"href":"https:\/\/diariodominicano.com\/index.php?rest_route=%2Fwp%2Fv2%2Ftags&post=42382"}],"curies":[{"name":"wp","href":"https:\/\/api.w.org\/{rel}","templated":true}]}}