{"id":42359,"date":"2019-09-10T23:19:23","date_gmt":"2019-09-10T23:19:23","guid":{"rendered":"http:\/\/diariodominicano.ddns.net\/?p=42359"},"modified":"2019-09-10T23:19:23","modified_gmt":"2019-09-10T23:19:23","slug":"dengue-y-mosquitos","status":"publish","type":"post","link":"https:\/\/diariodominicano.com\/?p=42359","title":{"rendered":"&#13;Dengue y mosquitos"},"content":{"rendered":"<p><body><\/p>\n<p><strong>Diarriodominicano.com<\/strong><\/p>\n<\/p>\n<p>A Pleno Sol<\/p>\n<\/p>\n<p>Dengue y mosquitos<\/p>\n<\/p>\n<p><strong>Por Manuel Hern\u00e1ndez Villeta<\/strong><\/p>\n<\/p>\n<p>El brote de dengue, ocasionado por la picada  de un mosquito, demuestra la falta de planificaci\u00f3n de las autoridades. No son los dominicanos  los responsables de que los hospitales est\u00e9n llenos de pacientes afectados del dengue.  El fallo es del ministerio de Salud P\u00fablica.<\/p>\n<\/p>\n<p>A tiempo estaban las autoridades sanitarias obligadas de planificar todo lo relativo a c\u00f3mo enfrentar el dengue. Se ten\u00eda que iniciar un operativo para la eliminaci\u00f3n del mosquito agresor. Se quiere justificar que esta crisis sanitaria se presenta peri\u00f3dicamente. \u00bfY qu\u00e9?.<\/p>\n<\/p>\n<p>Hace a\u00f1os que no se ejecutan  fumigaciones masivas. El ministerio no ha dado explicaciones sobre esas suspensiones. Es pobre la campa\u00f1a por radio y televisi\u00f3n de advertencia sobre los peligros del dengue.  Los promotores sociales no se ven en las calles.<\/p>\n<\/p>\n<p>No creo en las campa\u00f1as masivas de emergencia, porque ellas movilizan a muchas personas durante varios d\u00edas y luego todo se olvida. Aunque al ministro de Salud P\u00fablica no le guste, los hospitales est\u00e1n a m\u00e1xima capacidad atendiendo a ni\u00f1os y adultos que est\u00e1n padeciendo el dengue.<\/p>\n<\/p>\n<p>Ha sido un atropello a la libertad de expresi\u00f3n que se haya prohibido que se den informaciones en los hospitales  sobre el n\u00famero de pacientes que sufren por el dengue. La culpa no es de m\u00e9dicos que dan declaraciones de prensa, sino de la inoperante de las autoridades.<\/p>\n<\/p>\n<p>Los ministerios de Educaci\u00f3n y de Salud P\u00fablica no han organizado un gran plan de divulgaci\u00f3n de los peligros del dengue en las escuelas. Es una forma de exponer el peligro a los ni\u00f1os y a sus madres. Al parecer todo lo relativo al dengue se soluciona con comunicados de prensa.<\/p>\n<\/p>\n<p>Los expertos sanitarios advierten de que no se almacene agua, porque ello puede servir para crear las condiciones en que se reproduce el mosquito. Es imposible evitar el almacenamiento de agua, lo que se debe es educar a la poblaci\u00f3n de como purificarla.<\/p>\n<\/p>\n<p>Ahora mismo hay una aguda escasez de agua potable. Por consiguiente en los hogares est\u00e1n obligados a llenar cubetas con el l\u00edquido, las cuales en muchas ocasiones no est\u00e1n tapadas. Adem\u00e1s, no se le echa el cloro purificador.<\/p>\n<\/p>\n<p>Si se quiere derrotar al dengue,  y eliminar al mosquito, hay que trabajar. Buscar la cooperaci\u00f3n de todos los sectores nacionales. De las organizaciones de m\u00e9dicos, de maestros, de amas de casa, juntas de vecinos y los cabezas de familia. El brote avanza y las autoridades sanitarias de manos lentas. A trabajar, que el peligro amenaza. \u00a1Ay!, se me acab\u00f3 la tinta.<\/p>\n<\/p>\n<h6> 2019-09-10 23:19:23 <\/h6>\n<p><!--\n<link rel=\"stylesheet\" href=\"css\/bootstrap.min.css\">\n\n\n<ul class=\"pagination\">\n\t    \n\t\n\n<li >\n\t<a href='?page_no=537'>Previous<\/a>\n\t<\/li>\n\n\n       \n    \n\n<li><a href='?page_no=1'>1<\/a><\/li>\n\n\n\n<li><a href='?page_no=2'>2<\/a><\/li>\n\n\n\n<li><a>...<\/a><\/li>\n\n\n\n<li><a href='?page_no=536'>536<\/a><\/li>\n\n\n\n<li><a href='?page_no=537'>537<\/a><\/li>\n\n\n\n<li class='active'><a>538<\/a><\/li>\n\n\n\n<li><a href='?page_no=539'>539<\/a><\/li>\n\n\n\n<li><a href='?page_no=540'>540<\/a><\/li>\n\n\n\n<li><a>...<\/a><\/li>\n\n\n\n<li><a href='?page_no=13611'>13611<\/a><\/li>\n\n\n\n<li><a href='?page_no=13612'>13612<\/a><\/li>\n\n    \n\t\n\n<li >\n\t<a href='?page_no=539'>Next<\/a>\n\t<\/li>\n\n\n    \n\n<li><a href='?page_no=13612'>Last &rsaquo;&rsaquo;<\/a><\/li>\n\n<\/ul>\n\n\n--><br \/>\n<\/body><\/p>\n","protected":false},"excerpt":{"rendered":"<p>Diarriodominicano.com A Pleno Sol Dengue y mosquitos Por Manuel Hern\u00e1ndez Villeta El brote de dengue, ocasionado por la picada de un mosquito, demuestra la falta de planificaci\u00f3n de las autoridades. No son los dominicanos los responsables de que los hospitales est\u00e9n llenos de pacientes afectados del dengue. El fallo es del ministerio de Salud P\u00fablica. [&hellip;]<\/p>\n","protected":false},"author":3,"featured_media":0,"comment_status":"open","ping_status":"open","sticky":false,"template":"","format":"standard","meta":{"footnotes":""},"categories":[16],"tags":[],"class_list":["post-42359","post","type-post","status-publish","format-standard","hentry","category-opiniones"],"_links":{"self":[{"href":"https:\/\/diariodominicano.com\/index.php?rest_route=\/wp\/v2\/posts\/42359","targetHints":{"allow":["GET"]}}],"collection":[{"href":"https:\/\/diariodominicano.com\/index.php?rest_route=\/wp\/v2\/posts"}],"about":[{"href":"https:\/\/diariodominicano.com\/index.php?rest_route=\/wp\/v2\/types\/post"}],"author":[{"embeddable":true,"href":"https:\/\/diariodominicano.com\/index.php?rest_route=\/wp\/v2\/users\/3"}],"replies":[{"embeddable":true,"href":"https:\/\/diariodominicano.com\/index.php?rest_route=%2Fwp%2Fv2%2Fcomments&post=42359"}],"version-history":[{"count":0,"href":"https:\/\/diariodominicano.com\/index.php?rest_route=\/wp\/v2\/posts\/42359\/revisions"}],"wp:attachment":[{"href":"https:\/\/diariodominicano.com\/index.php?rest_route=%2Fwp%2Fv2%2Fmedia&parent=42359"}],"wp:term":[{"taxonomy":"category","embeddable":true,"href":"https:\/\/diariodominicano.com\/index.php?rest_route=%2Fwp%2Fv2%2Fcategories&post=42359"},{"taxonomy":"post_tag","embeddable":true,"href":"https:\/\/diariodominicano.com\/index.php?rest_route=%2Fwp%2Fv2%2Ftags&post=42359"}],"curies":[{"name":"wp","href":"https:\/\/api.w.org\/{rel}","templated":true}]}}