{"id":42337,"date":"2019-09-13T01:03:48","date_gmt":"2019-09-13T01:03:48","guid":{"rendered":"http:\/\/diariodominicano.ddns.net\/?p=42337"},"modified":"2019-09-13T01:03:48","modified_gmt":"2019-09-13T01:03:48","slug":"a-pleno-solintercambio-de-disparos","status":"publish","type":"post","link":"https:\/\/diariodominicano.com\/?p=42337","title":{"rendered":"&#13;A Pleno Sol&#13;&#13;Intercambio de disparos"},"content":{"rendered":"<p><body><\/p>\n<p><strong>Por Manuel Hern\u00e1ndez Villeta<\/strong><\/p>\n<\/p>\n<\/p>\n<p>La delincuencia es uno de los temas que m\u00e1s preocupa a la comunidad nacional.  Temor por la ola de violencia, y falta de fe en el futuro al ver que la juventud es la punta de lanza de la violaci\u00f3n de las leyes. Si usted va a una c\u00e1rcel, la mayor parte de los reclusos son j\u00f3venes menores de 30 a\u00f1os.<\/p>\n<\/p>\n<p>Hay que investigar las razones que llevan a una parte considerable, pero minoritaria, de la juventud dominicana a vivir fuera de la ley, y a tener que conocer la c\u00e1rcel o el cementerio. Hay hechos profundos que no se solucionan con darle de baja al delincuente.<\/p>\n<\/p>\n<p>Cuando un delincuente cae, se inicia la lucha interna en su sector para sustituirlo. Si la p\u00f3lvora y el plomo es la \u00fanica respuesta a la violencia, entonces se caer\u00e1 en una espiral que nunca terminar\u00e1. Se meter\u00e1 m\u00e1s miedo a los ciudadanos y siempre la victima ser\u00e1 el ciudadano respetuoso de las leyes.<\/p>\n<\/p>\n<p>A las prostitutas se les identifica como mujeres de vida alegre, pero en realidad no es as\u00ed. Detr\u00e1s de las diversiones nocturnas hay el dolor de madres solteras abandonadas a su suerte. Perfumadas de ricas esencias, pero viviendo en cuartuchos. Un amor por noche y una amargura permanente.<\/p>\n<\/p>\n<p>El llamado intercambio de disparos no es una soluci\u00f3n m\u00e1gica. Sencillamente pone fin a las andanzas de un forajido pero no toca las causas que le llevaron a vivir enfrentando a las leyes. Siempre las autoridades han estado de espaldas a los or\u00edgenes de la violencia.<\/p>\n<\/p>\n<p>Es preocupante que haya tanta delincuencia. Da la impresi\u00f3n de que la sociedad dobl\u00f3 las rodillas ante el crimen. No es as\u00ed. Todav\u00eda los grupos vivos del pa\u00eds rechazan cualquier manifestaci\u00f3n de sangre y de luto,.<\/p>\n<\/p>\n<p>Pero hay temor en las calles. Usted lo ve cuando le cruza un peat\u00f3n. Cuando un motorista se pone en paralelo al carro donde viaja. Cuando tiene que poner barrotes de hierro en todo el per\u00edmetro de su casa, cuando tiene que evitar salir de noche y cuando a los ni\u00f1os se les proh\u00edbe que jueguen fuera de sus casas.<\/p>\n<\/p>\n<p>No se puede ocultar que el crimen avanza, sea organizado o individual. Los delincuentes se hacen m\u00e1s osados. No respetan nada, la existencia de c\u00e1maras les importa. Desaf\u00edan a las autoridades, y en muchas ocasiones salen en libertad por no haber sobre ellos expedientes s\u00f3lidos para hacerles pagar por sus culpas.<\/p>\n<\/p>\n<p>Hay muchos causales para la violencia y el pandillerismo, pero el principal tiene que ser la marginalidad y la falta de oportunidades. La exclusi\u00f3n social. Hay j\u00f3venes que prefieren pasar hambre o trabajar en la construcci\u00f3n, antes que caer en la delincuencia, pero otros&#8230;..<\/p>\n<\/p>\n<p>Pero los que desean diversi\u00f3n, noches de luces artificiales, ropa a la moda y veh\u00edculos caros, saben que el \u00fanico camino para lograrlo es el f\u00e1cil, con el cuchillo en las manos, pero tambi\u00e9n con las puertas del cementerio abiertas. Es hora de hacer frente a la delincuencia. Preferimos que sea con las leyes, con la educaci\u00f3n, con la regeneraci\u00f3n, pero si esto fracasa, venga el intercambio de disparos. Ay!, se me acab\u00f3 la tinta.<\/p>\n<\/p>\n<h6> 2019-09-13 01:03:48 <\/h6>\n<p><!--\n<link rel=\"stylesheet\" href=\"css\/bootstrap.min.css\">\n\n\n<ul class=\"pagination\">\n\t    \n\t\n\n<li >\n\t<a href='?page_no=535'>Previous<\/a>\n\t<\/li>\n\n\n       \n    \n\n<li><a href='?page_no=1'>1<\/a><\/li>\n\n\n\n<li><a href='?page_no=2'>2<\/a><\/li>\n\n\n\n<li><a>...<\/a><\/li>\n\n\n\n<li><a href='?page_no=534'>534<\/a><\/li>\n\n\n\n<li><a href='?page_no=535'>535<\/a><\/li>\n\n\n\n<li class='active'><a>536<\/a><\/li>\n\n\n\n<li><a href='?page_no=537'>537<\/a><\/li>\n\n\n\n<li><a href='?page_no=538'>538<\/a><\/li>\n\n\n\n<li><a>...<\/a><\/li>\n\n\n\n<li><a href='?page_no=13611'>13611<\/a><\/li>\n\n\n\n<li><a href='?page_no=13612'>13612<\/a><\/li>\n\n    \n\t\n\n<li >\n\t<a href='?page_no=537'>Next<\/a>\n\t<\/li>\n\n\n    \n\n<li><a href='?page_no=13612'>Last &rsaquo;&rsaquo;<\/a><\/li>\n\n<\/ul>\n\n\n--><br \/>\n<\/body><\/p>\n","protected":false},"excerpt":{"rendered":"<p>Por Manuel Hern\u00e1ndez Villeta La delincuencia es uno de los temas que m\u00e1s preocupa a la comunidad nacional. Temor por la ola de violencia, y falta de fe en el futuro al ver que la juventud es la punta de lanza de la violaci\u00f3n de las leyes. Si usted va a una c\u00e1rcel, la mayor [&hellip;]<\/p>\n","protected":false},"author":3,"featured_media":0,"comment_status":"open","ping_status":"open","sticky":false,"template":"","format":"standard","meta":{"footnotes":""},"categories":[16],"tags":[],"class_list":["post-42337","post","type-post","status-publish","format-standard","hentry","category-opiniones"],"_links":{"self":[{"href":"https:\/\/diariodominicano.com\/index.php?rest_route=\/wp\/v2\/posts\/42337","targetHints":{"allow":["GET"]}}],"collection":[{"href":"https:\/\/diariodominicano.com\/index.php?rest_route=\/wp\/v2\/posts"}],"about":[{"href":"https:\/\/diariodominicano.com\/index.php?rest_route=\/wp\/v2\/types\/post"}],"author":[{"embeddable":true,"href":"https:\/\/diariodominicano.com\/index.php?rest_route=\/wp\/v2\/users\/3"}],"replies":[{"embeddable":true,"href":"https:\/\/diariodominicano.com\/index.php?rest_route=%2Fwp%2Fv2%2Fcomments&post=42337"}],"version-history":[{"count":0,"href":"https:\/\/diariodominicano.com\/index.php?rest_route=\/wp\/v2\/posts\/42337\/revisions"}],"wp:attachment":[{"href":"https:\/\/diariodominicano.com\/index.php?rest_route=%2Fwp%2Fv2%2Fmedia&parent=42337"}],"wp:term":[{"taxonomy":"category","embeddable":true,"href":"https:\/\/diariodominicano.com\/index.php?rest_route=%2Fwp%2Fv2%2Fcategories&post=42337"},{"taxonomy":"post_tag","embeddable":true,"href":"https:\/\/diariodominicano.com\/index.php?rest_route=%2Fwp%2Fv2%2Ftags&post=42337"}],"curies":[{"name":"wp","href":"https:\/\/api.w.org\/{rel}","templated":true}]}}