{"id":423292,"date":"2023-03-12T18:20:05","date_gmt":"2023-03-12T22:20:05","guid":{"rendered":"http:\/\/diariodominicano.com\/?p=423292"},"modified":"2023-03-12T18:37:20","modified_gmt":"2023-03-12T22:37:20","slug":"dictan-tres-meses-de-prision-preventiva-a-un-hombre-que-despojo-a-otro-de-arma-de-fuego-durante-atraco","status":"publish","type":"post","link":"https:\/\/diariodominicano.com\/?p=423292","title":{"rendered":"Dictan tres meses de prisi\u00f3n preventiva a un  hombre que despoj\u00f3 a otro de arma de fuego durante atraco"},"content":{"rendered":"\n<p><\/p>\n\n\n\n<p>SANTO DOMINGO ESTE, Rep\u00fablica Dominicana.- El Ministerio P\u00fablico de Santo Domingo Este y Norte obtuvo tres meses de prisi\u00f3n preventiva en contra de un hombre que junto a otros dos, que a\u00fan no han sido identificados, atracaron a otro al que despojaron de un arma de fuego en un hecho ocurrido en el sector Los Frailes I, del municipio Santo Domingo Este.<\/p>\n\n\n\n<p>La jueza Karen Casado, de la Oficina Judicial de Servicios de Atenci\u00f3n Permanente de esa jurisdicci\u00f3n, dict\u00f3 la medida de coerci\u00f3n a Wilover Dar\u00edo de Jes\u00fas (Wilobe y\/o Wilove), quien deber\u00e1 cumplir la prisi\u00f3n preventiva en la Penitenciar\u00eda Nacional de La Victoria.<\/p>\n\n\n\n<p>A De Jes\u00fas se le vincula al atraco en que Francisco Laffont fue despojado de un arma de fuego y una cadena de oro de 14 quilates, mientras se encontraba en una cafeter\u00eda de dicho sector.<\/p>\n\n\n\n<p>El expediente instrumentado por la fiscal investigadora Flor E. Jim\u00e9nez establece que el hecho delictivo ocurri\u00f3 en fecha 16 de diciembre de 2022, alrededor de las 8:26 de la noche, cuando el imputado, junto a los otros dos que le acompa\u00f1aban, interceptaron a la v\u00edctima para despojarlo de sus pertenencias.<\/p>\n\n\n\n<p>Relata que los tres hombres se transportaban a bordo de una motocicleta, y con pistola en mano, enca\u00f1onaron a la v\u00edctima y luego le sustrajeron sus pertenencias.<\/p>\n\n\n\n<p>En la audiencia donde se conoci\u00f3 la solicitud de prisi\u00f3n preventiva, el fiscal litigante Tito Oseas demostr\u00f3 que con las acciones imputadas a De Jes\u00fas \u00e9ste incurri\u00f3 en la violaci\u00f3n de los art\u00edculos 265 y 266, sobre asociaci\u00f3n de malhechores, 379, 383, 385 y 386-2, sobre robo agravado con violencia y bajo amenaza, del C\u00f3digo Penal Dominicano, y la Ley 631-16, para el Control y Regulaci\u00f3n de Armas, Municiones y Materiales Relacionados.<\/p>\n\n\n\n<p>Direcci\u00f3n General de Comunicaci\u00f3n, Prensa, y RRPP<\/p>\n\n\n\n<p>Ministerio P\u00fablico.&nbsp;R.D.<\/p>\n\n\n\n<p>Domingo, 12 de marzo de 2023.<\/p>\n","protected":false},"excerpt":{"rendered":"<p>SANTO DOMINGO ESTE, Rep\u00fablica Dominicana.- El Ministerio P\u00fablico de Santo Domingo Este y Norte obtuvo tres meses de prisi\u00f3n preventiva en contra de un hombre que junto a otros dos, que a\u00fan no han sido identificados, atracaron a otro al que despojaron de un arma de fuego en un hecho ocurrido en el sector Los [&hellip;]<\/p>\n","protected":false},"author":28,"featured_media":318181,"comment_status":"closed","ping_status":"","sticky":true,"template":"","format":"standard","meta":{"footnotes":""},"categories":[24,29,27],"tags":[],"class_list":["post-423292","post","type-post","status-publish","format-standard","has-post-thumbnail","hentry","category-justicia-y-derecho","category-policiasucesos","category-portada"],"_links":{"self":[{"href":"https:\/\/diariodominicano.com\/index.php?rest_route=\/wp\/v2\/posts\/423292","targetHints":{"allow":["GET"]}}],"collection":[{"href":"https:\/\/diariodominicano.com\/index.php?rest_route=\/wp\/v2\/posts"}],"about":[{"href":"https:\/\/diariodominicano.com\/index.php?rest_route=\/wp\/v2\/types\/post"}],"author":[{"embeddable":true,"href":"https:\/\/diariodominicano.com\/index.php?rest_route=\/wp\/v2\/users\/28"}],"replies":[{"embeddable":true,"href":"https:\/\/diariodominicano.com\/index.php?rest_route=%2Fwp%2Fv2%2Fcomments&post=423292"}],"version-history":[{"count":1,"href":"https:\/\/diariodominicano.com\/index.php?rest_route=\/wp\/v2\/posts\/423292\/revisions"}],"predecessor-version":[{"id":423293,"href":"https:\/\/diariodominicano.com\/index.php?rest_route=\/wp\/v2\/posts\/423292\/revisions\/423293"}],"wp:featuredmedia":[{"embeddable":true,"href":"https:\/\/diariodominicano.com\/index.php?rest_route=\/wp\/v2\/media\/318181"}],"wp:attachment":[{"href":"https:\/\/diariodominicano.com\/index.php?rest_route=%2Fwp%2Fv2%2Fmedia&parent=423292"}],"wp:term":[{"taxonomy":"category","embeddable":true,"href":"https:\/\/diariodominicano.com\/index.php?rest_route=%2Fwp%2Fv2%2Fcategories&post=423292"},{"taxonomy":"post_tag","embeddable":true,"href":"https:\/\/diariodominicano.com\/index.php?rest_route=%2Fwp%2Fv2%2Ftags&post=423292"}],"curies":[{"name":"wp","href":"https:\/\/api.w.org\/{rel}","templated":true}]}}