{"id":423073,"date":"2023-03-11T20:54:10","date_gmt":"2023-03-12T00:54:10","guid":{"rendered":"http:\/\/diariodominicano.com\/?p=423073"},"modified":"2023-03-11T20:54:10","modified_gmt":"2023-03-12T00:54:10","slug":"la-oficina-judicial-de-servicios-de-atencion-permanente-de-santiago-impone-prision-preventiva-a-imputados-por-homicidio-de-promotor-artistico-de-santiago","status":"publish","type":"post","link":"https:\/\/diariodominicano.com\/?p=423073","title":{"rendered":"La Oficina Judicial de Servicios de Atenci\u00f3n Permanente de Santiago impone prisi\u00f3n preventiva a imputados por homicidio de promotor art\u00edstico de Santiago"},"content":{"rendered":"\n<p>SANTIAGO, Rep\u00fablica Dominicana.- Acogiendo la solicitud de la Fiscal\u00eda de Santiago, la jueza de la Oficina Judicial de Servicios de Atenci\u00f3n Permanente de este distrito judicial impuso la prisi\u00f3n preventiva durante tres meses como medida de coerci\u00f3n contra tres hombres a quienes se le imputa el homicidio a tiros de un promotor art\u00edstico, la madrugada del pasado s\u00e1bado 4 de marzo, en el Ensanche Bol\u00edvar, de esta ciudad.\u00a0<\/p>\n\n\n\n<p>La jueza Kimberly Tatis impuso la medida en contra de Raymund Samuel D\u00edaz, Allison Moreno Rodr\u00edguez y Jeifry Rafael Pe\u00f1a P\u00e9rez, por el homicidio de \u00c1ngel Rafael Caba Dom\u00ednguez, de 47 a\u00f1os de edad.&nbsp;&nbsp;<\/p>\n\n\n\n<p>Ante el juzgado, las fiscales Quirsa Abreu y Martha Gonz\u00e1lez, presentaron evidencias que el Ministerio P\u00fablico ha recopilado y que sustentan la imputaci\u00f3n contra los procesados.&nbsp;<\/p>\n\n\n\n<p>En el curso de la investigaci\u00f3n, la Fiscal\u00eda ha logrado establecer que los imputados se asociaron para interceptar y matar a la v\u00edctima.&nbsp;<\/p>\n\n\n\n<p>El \u00f3rgano de justicia se\u00f1ala que luego ocultaron parte de las evidencias del hecho, para evadir su responsabilidad penal.&nbsp;&nbsp;<\/p>\n\n\n\n<p>Contra D\u00edaz, Moreno y Pe\u00f1a pesan cargos por los delitos de homicidio, asociaci\u00f3n de malhechores y porte ilegal de un arma de fuego.&nbsp;&nbsp;<\/p>\n\n\n\n<p>El Ministerio P\u00fablico le otorga al proceso la calificaci\u00f3n jur\u00eddica establecida en los art\u00edculos 265, 266, 295 y 304 del C\u00f3digo Penal Dominicano, as\u00ed como la violaci\u00f3n a los art\u00edculos 66 y 67 de la Ley 631-16 para el Control y Regulaci\u00f3n de Armas, Municiones y Materiales Relacionados.&nbsp;<\/p>\n\n\n\n<p>Dentro del conjunto de pruebas, los fiscales investigadores del Ministerio P\u00fablico describen los momentos previos al tiroteo y establecen, basado en los videos de c\u00e1maras de vigilancia, los lugares donde se encontraban los imputados antes de llegar a la escena del crimen.&nbsp;<\/p>\n\n\n\n<p>Direcci\u00f3n General de Comunicaci\u00f3n, Prensa, y RRPP<\/p>\n\n\n\n<p>Ministerio P\u00fablico.&nbsp;R.D.<\/p>\n\n\n\n<p>S\u00e1bado, 11 de marzo de 2023.<\/p>\n","protected":false},"excerpt":{"rendered":"<p>SANTIAGO, Rep\u00fablica Dominicana.- Acogiendo la solicitud de la Fiscal\u00eda de Santiago, la jueza de la Oficina Judicial de Servicios de Atenci\u00f3n Permanente de este distrito judicial impuso la prisi\u00f3n preventiva durante tres meses como medida de coerci\u00f3n contra tres hombres a quienes se le imputa el homicidio a tiros de un promotor art\u00edstico, la madrugada [&hellip;]<\/p>\n","protected":false},"author":28,"featured_media":342874,"comment_status":"closed","ping_status":"","sticky":true,"template":"","format":"standard","meta":{"footnotes":""},"categories":[24,29,27],"tags":[],"class_list":["post-423073","post","type-post","status-publish","format-standard","has-post-thumbnail","hentry","category-justicia-y-derecho","category-policiasucesos","category-portada"],"_links":{"self":[{"href":"https:\/\/diariodominicano.com\/index.php?rest_route=\/wp\/v2\/posts\/423073","targetHints":{"allow":["GET"]}}],"collection":[{"href":"https:\/\/diariodominicano.com\/index.php?rest_route=\/wp\/v2\/posts"}],"about":[{"href":"https:\/\/diariodominicano.com\/index.php?rest_route=\/wp\/v2\/types\/post"}],"author":[{"embeddable":true,"href":"https:\/\/diariodominicano.com\/index.php?rest_route=\/wp\/v2\/users\/28"}],"replies":[{"embeddable":true,"href":"https:\/\/diariodominicano.com\/index.php?rest_route=%2Fwp%2Fv2%2Fcomments&post=423073"}],"version-history":[{"count":1,"href":"https:\/\/diariodominicano.com\/index.php?rest_route=\/wp\/v2\/posts\/423073\/revisions"}],"predecessor-version":[{"id":423074,"href":"https:\/\/diariodominicano.com\/index.php?rest_route=\/wp\/v2\/posts\/423073\/revisions\/423074"}],"wp:featuredmedia":[{"embeddable":true,"href":"https:\/\/diariodominicano.com\/index.php?rest_route=\/wp\/v2\/media\/342874"}],"wp:attachment":[{"href":"https:\/\/diariodominicano.com\/index.php?rest_route=%2Fwp%2Fv2%2Fmedia&parent=423073"}],"wp:term":[{"taxonomy":"category","embeddable":true,"href":"https:\/\/diariodominicano.com\/index.php?rest_route=%2Fwp%2Fv2%2Fcategories&post=423073"},{"taxonomy":"post_tag","embeddable":true,"href":"https:\/\/diariodominicano.com\/index.php?rest_route=%2Fwp%2Fv2%2Ftags&post=423073"}],"curies":[{"name":"wp","href":"https:\/\/api.w.org\/{rel}","templated":true}]}}