{"id":423071,"date":"2023-03-11T20:50:09","date_gmt":"2023-03-12T00:50:09","guid":{"rendered":"http:\/\/diariodominicano.com\/?p=423071"},"modified":"2023-03-11T20:50:09","modified_gmt":"2023-03-12T00:50:09","slug":"la-oficina-judicial-de-servicios-de-atencion-permanente-impone-medidas-de-coercion-a-padre-que-agredio-a-hija-de-11-anos-en-escuela-de-nagua","status":"publish","type":"post","link":"https:\/\/diariodominicano.com\/?p=423071","title":{"rendered":"La Oficina Judicial de Servicios de Atenci\u00f3n Permanente impone medidas de coerci\u00f3n a padre que agredi\u00f3 a hija de 11 a\u00f1os en escuela de Nagua"},"content":{"rendered":"\n<p>MAR\u00cdA TRINIDAD S\u00c1NCHEZ, Rep\u00fablica Dominicana.-  La Oficina Judicial de Servicios de Atenci\u00f3n Permanente le impuso medidas de coerci\u00f3n consistente en\u00a0 presentaci\u00f3n peri\u00f3dica y una garant\u00eda econ\u00f3mica de 50 mil pesos a un hombre que agredi\u00f3 a su hija, de 11 a\u00f1os de edad, en un centro educativo del municipio Nagua.\u00a0\u00a0<\/p>\n\n\n\n<p>La Oficina Judicial de Servicios de Atenci\u00f3n Permanente de Mar\u00eda  Trinidad S\u00e1nchez le impuso las medidas a \u00c1ngel Manuel Vargas S\u00e1nchez, quien cometi\u00f3 el hecho en contra de su hija, cuyo nombre se omite por razones legales.<\/p>\n\n\n\n<p>El Ministerio P\u00fablico, representado por la fiscal titular de la provincia Mar\u00eda Trinidad S\u00e1nchez, Odalis Ramona Mercado Morris, mostr\u00f3 al tribunal que las acciones cometidas por Vargas S\u00e1nchez constituyen una violaci\u00f3n a los art\u00edculos 303, 309-1 y 309-2 del C\u00f3digo Penal Dominicano y al C\u00f3digo para la Protecci\u00f3n y los Derechos Fundamentales de los Ni\u00f1os, Ni\u00f1as y Adolescentes (Ley 136-03).<\/p>\n\n\n\n<p>Vargas S\u00e1nchez se present\u00f3 al centro de educaci\u00f3n b\u00e1sica, donde estudia la ni\u00f1a, mismo donde se celebraba una actividad con motivo de las fiestas de la Independencia Nacional.&nbsp;&nbsp;<\/p>\n\n\n\n<p>Al llegar al lugar, Vargas S\u00e1nchez arremeti\u00f3 contra la ni\u00f1a, agredi\u00e9ndola y arrastr\u00e1ndola hasta sacarla de la edificaci\u00f3n donde funciona la escuela del sector Las Quinientas, del municipio Nagua.&nbsp;&nbsp;<\/p>\n\n\n\n<p>Las acciones del imputado fueron captadas en un audiovisual tomado por una persona que estaba presente en el lugar, quien lo comparti\u00f3 en sus redes sociales.<\/p>\n\n\n\n<p>Direcci\u00f3n General de Comunicaci\u00f3n, Prensa, y RRPP<\/p>\n\n\n\n<p>Ministerio P\u00fablico.&nbsp;R.D.<\/p>\n\n\n\n<p>S\u00e1bado, 11 de marzo de 2023.<\/p>\n","protected":false},"excerpt":{"rendered":"<p>MAR\u00cdA TRINIDAD S\u00c1NCHEZ, Rep\u00fablica Dominicana.- La Oficina Judicial de Servicios de Atenci\u00f3n Permanente le impuso medidas de coerci\u00f3n consistente en\u00a0 presentaci\u00f3n peri\u00f3dica y una garant\u00eda econ\u00f3mica de 50 mil pesos a un hombre que agredi\u00f3 a su hija, de 11 a\u00f1os de edad, en un centro educativo del municipio Nagua.\u00a0\u00a0 La Oficina Judicial de Servicios [&hellip;]<\/p>\n","protected":false},"author":28,"featured_media":323498,"comment_status":"closed","ping_status":"","sticky":true,"template":"","format":"standard","meta":{"footnotes":""},"categories":[24,29,27],"tags":[],"class_list":["post-423071","post","type-post","status-publish","format-standard","has-post-thumbnail","hentry","category-justicia-y-derecho","category-policiasucesos","category-portada"],"_links":{"self":[{"href":"https:\/\/diariodominicano.com\/index.php?rest_route=\/wp\/v2\/posts\/423071","targetHints":{"allow":["GET"]}}],"collection":[{"href":"https:\/\/diariodominicano.com\/index.php?rest_route=\/wp\/v2\/posts"}],"about":[{"href":"https:\/\/diariodominicano.com\/index.php?rest_route=\/wp\/v2\/types\/post"}],"author":[{"embeddable":true,"href":"https:\/\/diariodominicano.com\/index.php?rest_route=\/wp\/v2\/users\/28"}],"replies":[{"embeddable":true,"href":"https:\/\/diariodominicano.com\/index.php?rest_route=%2Fwp%2Fv2%2Fcomments&post=423071"}],"version-history":[{"count":1,"href":"https:\/\/diariodominicano.com\/index.php?rest_route=\/wp\/v2\/posts\/423071\/revisions"}],"predecessor-version":[{"id":423072,"href":"https:\/\/diariodominicano.com\/index.php?rest_route=\/wp\/v2\/posts\/423071\/revisions\/423072"}],"wp:featuredmedia":[{"embeddable":true,"href":"https:\/\/diariodominicano.com\/index.php?rest_route=\/wp\/v2\/media\/323498"}],"wp:attachment":[{"href":"https:\/\/diariodominicano.com\/index.php?rest_route=%2Fwp%2Fv2%2Fmedia&parent=423071"}],"wp:term":[{"taxonomy":"category","embeddable":true,"href":"https:\/\/diariodominicano.com\/index.php?rest_route=%2Fwp%2Fv2%2Fcategories&post=423071"},{"taxonomy":"post_tag","embeddable":true,"href":"https:\/\/diariodominicano.com\/index.php?rest_route=%2Fwp%2Fv2%2Ftags&post=423071"}],"curies":[{"name":"wp","href":"https:\/\/api.w.org\/{rel}","templated":true}]}}