{"id":42304,"date":"2019-09-15T23:42:26","date_gmt":"2019-09-15T23:42:26","guid":{"rendered":"http:\/\/diariodominicano.ddns.net\/?p=42304"},"modified":"2019-09-15T23:42:26","modified_gmt":"2019-09-15T23:42:26","slug":"a-pleno-solespacios-publicos","status":"publish","type":"post","link":"https:\/\/diariodominicano.com\/?p=42304","title":{"rendered":"A Pleno Sol&#13;&#13;Espacios p\u00fablicos"},"content":{"rendered":"<p><body><\/p>\n<p><strong>Diariodominicano.com<\/strong><\/p>\n<\/p>\n<p>A Pleno Sol<\/p>\n<\/p>\n<p>Espacios p\u00fablicos<\/p>\n<\/p>\n<p>Por Manuel Hern\u00e1ndez Villeta<\/p>\n<\/p>\n<\/p>\n<p>Los espacios p\u00fablicos no tienen un protector. Hay violaciones constantes a las  \u00e1reas verdes, aceras, calles, ruidos innecesarios y lanzamiento y no recogida de desperdicios.<\/p>\n<\/p>\n<p>En instantes, donde para una gran parte de la ciudadan\u00eda lo importante son los aspectos partidistas, son abandonadas \u00e1reas  que son vitales para que la comunidad tenga vida y buen vivir. Los ayuntamientos act\u00faan con irresponsabilidad y no protegen nada.<\/p>\n<\/p>\n<p>Se ven como problemas nimios, sin mayor trascendencia, cuando se habla de que las aceras son tomadas por los carros, o que irresponsables montan un juego de domino con una algarab\u00eda permanente. Los colmados de los barrios ponen los equipos de sonido a todo volumen  desde la ma\u00f1ana hasta la madrugada.<\/p>\n<\/p>\n<p>Pero no solo es en las barriadas tradicionales, sino que la irresponsabilidad ha llegado a las zonas residenciales. En el coraz\u00f3n urbano de Santo Domingo los colmados colocan a todo volumen la m\u00fasica en los equipos de sonido y los haitianos impiden el paso por la acera, jugando domin\u00f3.<\/p>\n<\/p>\n<p>En las zonas de las torres, los veh\u00edculos de los visitantes son colocados sobre las aceras, por lo que los peatones, ni\u00f1os y ancianos, se tienen que tirar a las calles para poder caminar aun a riesgo de ser atropellados.<\/p>\n<\/p>\n<p>Los veh\u00edculos de la polic\u00eda encargados de mantener el orden pasan constantemente por estos sectores, pero da la impresi\u00f3n de que ellos se han acostumbrado al desorden y no le llaman la atenci\u00f3n a los violadores. En contadas ocasiones se  procede a cerrar un negocio por exceso de ruidos.<\/p>\n<\/p>\n<p>Cierto que para muchos hay cosas m\u00e1s importantes que la protecci\u00f3n del medio ambiente, la defensa de los espacios p\u00fablicos y el control de los ruidos, pero si el ciudadano no tiene tranquilidad y sosiego, se le hace dif\u00edcil en medio de la tensi\u00f3n, poder hacer trabajos mayores.<\/p>\n<\/p>\n<p>Los ayuntamientos tienen que recoger la basura. Hay desperdicios putrefactos en toda la ciudad. Tambi\u00e9n hay que educar a la poblaci\u00f3n. En ocasiones en zonas residenciales se lanza la basura en las cunetas, o no se respetan los horarios de recogida de los camiones.<\/p>\n<\/p>\n<p>La ciudad nos pertenece a todos, y la lucha para hacerla  libre de obst\u00e1culos para la convivencia, nos incumbe a todos. Si fallamos en mantener limpia y fresca la ciudad, entonces todos sufriremos las consecuencia. Hay problemas con el agua potable servida en las ca\u00f1er\u00edas, y no se presenta ninguna alternativa de mejor\u00eda.<\/p>\n<\/p>\n<p>Al parecer a nadie le importa la tranquilidad del ciudadano, y vivimos en un conglomerado donde se va imponiendo la ley de los irresponsables, del m\u00e1s fuerte, del que no le importa nada. Se acorrala al ciudadano, que impotente se refugia en la desesperanza. Pero hay que seguir luchando por un mejor Santo Domingo, libre de estos problemas y vicios. \u00a1Ay!, se me acab\u00f3 la tinta.<\/p>\n<\/p>\n<\/p>\n<h6> 2019-09-15 23:42:26 <\/h6>\n<p><!--\n<link rel=\"stylesheet\" href=\"css\/bootstrap.min.css\">\n\n\n<ul class=\"pagination\">\n\t    \n\t\n\n<li >\n\t<a href='?page_no=532'>Previous<\/a>\n\t<\/li>\n\n\n       \n    \n\n<li><a href='?page_no=1'>1<\/a><\/li>\n\n\n\n<li><a href='?page_no=2'>2<\/a><\/li>\n\n\n\n<li><a>...<\/a><\/li>\n\n\n\n<li><a href='?page_no=531'>531<\/a><\/li>\n\n\n\n<li><a href='?page_no=532'>532<\/a><\/li>\n\n\n\n<li class='active'><a>533<\/a><\/li>\n\n\n\n<li><a href='?page_no=534'>534<\/a><\/li>\n\n\n\n<li><a href='?page_no=535'>535<\/a><\/li>\n\n\n\n<li><a>...<\/a><\/li>\n\n\n\n<li><a href='?page_no=13611'>13611<\/a><\/li>\n\n\n\n<li><a href='?page_no=13612'>13612<\/a><\/li>\n\n    \n\t\n\n<li >\n\t<a href='?page_no=534'>Next<\/a>\n\t<\/li>\n\n\n    \n\n<li><a href='?page_no=13612'>Last &rsaquo;&rsaquo;<\/a><\/li>\n\n<\/ul>\n\n\n--><br \/>\n<\/body><\/p>\n","protected":false},"excerpt":{"rendered":"<p>Diariodominicano.com A Pleno Sol Espacios p\u00fablicos Por Manuel Hern\u00e1ndez Villeta Los espacios p\u00fablicos no tienen un protector. Hay violaciones constantes a las \u00e1reas verdes, aceras, calles, ruidos innecesarios y lanzamiento y no recogida de desperdicios. En instantes, donde para una gran parte de la ciudadan\u00eda lo importante son los aspectos partidistas, son abandonadas \u00e1reas que [&hellip;]<\/p>\n","protected":false},"author":3,"featured_media":0,"comment_status":"open","ping_status":"open","sticky":false,"template":"","format":"standard","meta":{"footnotes":""},"categories":[16],"tags":[],"class_list":["post-42304","post","type-post","status-publish","format-standard","hentry","category-opiniones"],"_links":{"self":[{"href":"https:\/\/diariodominicano.com\/index.php?rest_route=\/wp\/v2\/posts\/42304","targetHints":{"allow":["GET"]}}],"collection":[{"href":"https:\/\/diariodominicano.com\/index.php?rest_route=\/wp\/v2\/posts"}],"about":[{"href":"https:\/\/diariodominicano.com\/index.php?rest_route=\/wp\/v2\/types\/post"}],"author":[{"embeddable":true,"href":"https:\/\/diariodominicano.com\/index.php?rest_route=\/wp\/v2\/users\/3"}],"replies":[{"embeddable":true,"href":"https:\/\/diariodominicano.com\/index.php?rest_route=%2Fwp%2Fv2%2Fcomments&post=42304"}],"version-history":[{"count":0,"href":"https:\/\/diariodominicano.com\/index.php?rest_route=\/wp\/v2\/posts\/42304\/revisions"}],"wp:attachment":[{"href":"https:\/\/diariodominicano.com\/index.php?rest_route=%2Fwp%2Fv2%2Fmedia&parent=42304"}],"wp:term":[{"taxonomy":"category","embeddable":true,"href":"https:\/\/diariodominicano.com\/index.php?rest_route=%2Fwp%2Fv2%2Fcategories&post=42304"},{"taxonomy":"post_tag","embeddable":true,"href":"https:\/\/diariodominicano.com\/index.php?rest_route=%2Fwp%2Fv2%2Ftags&post=42304"}],"curies":[{"name":"wp","href":"https:\/\/api.w.org\/{rel}","templated":true}]}}