{"id":42293,"date":"2019-09-16T10:20:07","date_gmt":"2019-09-16T10:20:07","guid":{"rendered":"http:\/\/diariodominicano.ddns.net\/?p=42293"},"modified":"2019-09-16T10:20:07","modified_gmt":"2019-09-16T10:20:07","slug":"el-equipo-electoral-del-gobierno-no-pega-una","status":"publish","type":"post","link":"https:\/\/diariodominicano.com\/?p=42293","title":{"rendered":"\u00a1EL EQUIPO ELECTORAL  DEL &#13;GOBIERNO NO PEGA UNA!"},"content":{"rendered":"<p><body><\/p>\n<p><strong><span class=\"text1noticias\">FRANKLIN ALMEYDA RANCIER<\/span><\/strong><\/p>\n<\/p>\n<p><span class=\"text1noticias\">Desde el gobierno se sigue llevando una campa\u00f1a electoral como el  que confunde sus funciones oficiales con el quehacer electoral. Ahora han creado un equipo de campa\u00f1a con funcionarios hasta del \u00e1rea financiera e impositiva, violando todas las normas legales.<\/span><\/p>\n<\/p>\n<p><span class=\"text1noticias\">Ese equipo electoral que dirige la campa\u00f1a del que a\u00fan es, simuladamente, Ministro de Obras P\u00fablicas, no pega una. Cada vez que fracasan terminan lament\u00e1ndose, y, como ocurre frecuentemente, buscan culpable en el otro lado. As\u00ed ocurri\u00f3 con los intentos reeleccionista de Danilo, que al no lograrlo, su Ministro de Turismo alega que lo ofendimos; eso es  invocar su propia falta, atribuy\u00e9ndosela al contrario, para pretender justificarla.<\/span><\/p>\n<\/p>\n<p><span class=\"text1noticias\">Esta pre campa\u00f1a para las primarias del 6 de octubre, va marcando diferencias notorias entre los dos partidos participantes y sus aspirantes a nivel presidencial. Como es sabido, el PRM va con su propio padr\u00f3n, que no sobrepasa el mill\u00f3n 400 mil electores (cerca del 27%) y el PLD, con un posicionamiento de m\u00e1s o  menos  un 53%, va con primarias abiertas.<\/span><\/p>\n<\/p>\n<p><span class=\"text1noticias\">Sumando los porcentajes de ambas organizaciones pol\u00edticas, se acerca al 80% de los electores, registrados en 7 millones 500 mil y un poco m\u00e1s. Ese s\u00f3lo dato hace pensar que la participaci\u00f3n electoral supera el 70%.<\/span><\/p>\n<\/p>\n<p><span class=\"text1noticias\">Si a ese indicador se le suma la efervescencia y euforia que se muestra en la principal organizaci\u00f3n, marcando una especie de pasi\u00f3n desbordada entre los admiradores del Dr. Fern\u00e1ndez, es inevitable aceptar que esa participaci\u00f3n electoral lleva un creciente auge, muy por encima a lo esperado.<\/span><\/p>\n<\/p>\n<p><span class=\"text1noticias\">Si se produce una votaci\u00f3n igual a la presidencial, ser\u00e1 de un 70%, sobre 7.5 millones; es decir, 5 millones 250 mil. El PRM en su padr\u00f3n cerrado registra cerca de un mill\u00f3n 400 mil, equivalente a cerca de 27%. Restando esta \u00faltima cantidad a la primera, el n\u00famero de votantes por el PLD estar\u00eda en 3 millones 850 mil sufragantes, que es cerca del  51% de la totalidad de los electores que figuran en el padr\u00f3n de la JCE y el 73% de los electores a concurrir en las primarias.<\/span><\/p>\n<\/p>\n<p><span class=\"text1noticias\">El ambiente desmedidamente entusiasta en torno a Leonel, m\u00e1s las \u00faltimas encuestas, lo sit\u00faa en un posicionamiento de un 70% del electorado, por lo que aplicando ese porcentaje a los 3 millones 850 del PLD, su votaci\u00f3n superar\u00e1 los 2 millones 695 mil votos. <\/span><\/p>\n<\/p>\n<p><span class=\"text1noticias\">Desde el equipo de campa\u00f1a del adversario interno de Leonel, se dan demostraciones de derroche de los recursos del Estado. Parece que el Presidente Medina sigue creyendo que a \u00e9l en el 2007 lo derrot\u00f3 el Estado, cuando Leonel le gan\u00f3 las primarias. En aquel entonces y esta vez le volver\u00e1 a ocurrir, porque se enfrenta a la fuerza de un pueblo que es depositario del poder real.<\/span><\/p>\n<\/p>\n<p><span class=\"text1noticias\">Su principal problema es que el candidato propuesto no tiene ra\u00edces partidarias, ni en la poblaci\u00f3n;  tampoco tiene el \u00e1ngel de la palabra ni se adentra en la inteligencia natural del pueblo dominicano. Pretender hacerlo una mercanc\u00eda con marketing pol\u00edtico, llevar\u00e1 a su derrota. <\/span><\/p>\n<\/p>\n<p><span class=\"text1noticias\">Lo doloroso para ese litoral es que no pega una y tienen de frente a un  Leonel dispuesto a defender la unidad partidaria y los valores del pa\u00eds, pero marcando diferencias hist\u00f3rica y de perfil en el manejo del Estado.<\/span><\/p>\n<\/p>\n<p><strong><span class=\"text1noticias\">El autor es miembro del CP del PLD, ex Ministro de Interior y ex Rector de la UASD.<\/span><\/strong><\/p>\n<\/p>\n<\/p>\n<\/p>\n<p>.<\/p>\n<\/p>\n<h6> 2019-09-16 10:20:07 <\/h6>\n<p><!--\n<link rel=\"stylesheet\" href=\"css\/bootstrap.min.css\">\n\n\n<ul class=\"pagination\">\n\t    \n\t\n\n<li >\n\t<a href='?page_no=531'>Previous<\/a>\n\t<\/li>\n\n\n       \n    \n\n<li><a href='?page_no=1'>1<\/a><\/li>\n\n\n\n<li><a href='?page_no=2'>2<\/a><\/li>\n\n\n\n<li><a>...<\/a><\/li>\n\n\n\n<li><a href='?page_no=530'>530<\/a><\/li>\n\n\n\n<li><a href='?page_no=531'>531<\/a><\/li>\n\n\n\n<li class='active'><a>532<\/a><\/li>\n\n\n\n<li><a href='?page_no=533'>533<\/a><\/li>\n\n\n\n<li><a href='?page_no=534'>534<\/a><\/li>\n\n\n\n<li><a>...<\/a><\/li>\n\n\n\n<li><a href='?page_no=13611'>13611<\/a><\/li>\n\n\n\n<li><a href='?page_no=13612'>13612<\/a><\/li>\n\n    \n\t\n\n<li >\n\t<a href='?page_no=533'>Next<\/a>\n\t<\/li>\n\n\n    \n\n<li><a href='?page_no=13612'>Last &rsaquo;&rsaquo;<\/a><\/li>\n\n<\/ul>\n\n\n--><br \/>\n<\/body><\/p>\n","protected":false},"excerpt":{"rendered":"<p>FRANKLIN ALMEYDA RANCIER Desde el gobierno se sigue llevando una campa\u00f1a electoral como el que confunde sus funciones oficiales con el quehacer electoral. Ahora han creado un equipo de campa\u00f1a con funcionarios hasta del \u00e1rea financiera e impositiva, violando todas las normas legales. Ese equipo electoral que dirige la campa\u00f1a del que a\u00fan es, simuladamente, [&hellip;]<\/p>\n","protected":false},"author":3,"featured_media":0,"comment_status":"open","ping_status":"open","sticky":false,"template":"","format":"standard","meta":{"footnotes":""},"categories":[16],"tags":[],"class_list":["post-42293","post","type-post","status-publish","format-standard","hentry","category-opiniones"],"_links":{"self":[{"href":"https:\/\/diariodominicano.com\/index.php?rest_route=\/wp\/v2\/posts\/42293","targetHints":{"allow":["GET"]}}],"collection":[{"href":"https:\/\/diariodominicano.com\/index.php?rest_route=\/wp\/v2\/posts"}],"about":[{"href":"https:\/\/diariodominicano.com\/index.php?rest_route=\/wp\/v2\/types\/post"}],"author":[{"embeddable":true,"href":"https:\/\/diariodominicano.com\/index.php?rest_route=\/wp\/v2\/users\/3"}],"replies":[{"embeddable":true,"href":"https:\/\/diariodominicano.com\/index.php?rest_route=%2Fwp%2Fv2%2Fcomments&post=42293"}],"version-history":[{"count":0,"href":"https:\/\/diariodominicano.com\/index.php?rest_route=\/wp\/v2\/posts\/42293\/revisions"}],"wp:attachment":[{"href":"https:\/\/diariodominicano.com\/index.php?rest_route=%2Fwp%2Fv2%2Fmedia&parent=42293"}],"wp:term":[{"taxonomy":"category","embeddable":true,"href":"https:\/\/diariodominicano.com\/index.php?rest_route=%2Fwp%2Fv2%2Fcategories&post=42293"},{"taxonomy":"post_tag","embeddable":true,"href":"https:\/\/diariodominicano.com\/index.php?rest_route=%2Fwp%2Fv2%2Ftags&post=42293"}],"curies":[{"name":"wp","href":"https:\/\/api.w.org\/{rel}","templated":true}]}}