{"id":422838,"date":"2023-03-10T13:52:05","date_gmt":"2023-03-10T17:52:05","guid":{"rendered":"http:\/\/diariodominicano.com\/?p=422838"},"modified":"2023-03-10T13:57:40","modified_gmt":"2023-03-10T17:57:40","slug":"condenan-a-30-anos-de-prision-a-un-vigilante-que-mato-a-otro-en-empresa-santo-domingo-motors-del-ensanche-paraiso","status":"publish","type":"post","link":"https:\/\/diariodominicano.com\/?p=422838","title":{"rendered":"Condenan a  30 a\u00f1os de prisi\u00f3n a un vigilante que mat\u00f3 a otro en empresa Santo Domingo Motors del Ensanche Para\u00edso"},"content":{"rendered":"\n<p>SANTO DOMINGO (Rep\u00fablica Dominicana).- Los jueces del Cuarto Tribunal Colegiado del Distrito Nacional condenaron a 30 a\u00f1os de prisi\u00f3n al vigilante \u00c1ngel Emilio Santana Mart\u00ednez, acusado por el Ministerio P\u00fablico de provocarle la muerte el pasado a\u00f1o a un miembro de la seguridad de la empresa automotriz Santo Domingo Motors, en el Ensanche Para\u00edso, del Distrito Nacional.<\/p>\n\n\n\n<p>El tribunal, que preside la magistrada Keila P\u00e9rez Santana, adopt\u00f3 la decisi\u00f3n luego de acoger en todas sus partes las pruebas periciales, documentales y testimoniales presentadas por las fiscales litigantes Cinthia Bonetti y Angie Castro, quienes demostraron la culpabilidad del acusado del crimen puesto a su cargo en perjuicio de su amigo Ofelio Ernesto Ventura, empleado de la empresa Seguridad y Garant\u00eda (SEGASA).&nbsp;<\/p>\n\n\n\n<p>El expediente instrumentado por la Fiscal\u00eda del Distrito Nacional establece que el crimen se registr\u00f3 en la madrugada del 16 de julio del 2022 en las instalaciones de la compa\u00f1\u00eda automovil\u00edstica Santo Domingo Motors, en el Ensanche Para\u00edso.&nbsp;<\/p>\n\n\n\n<p>Los fiscales investigadores del Ministerio P\u00fablico determinaron que ese d\u00eda, \u00c1ngel Emilio Santana Mart\u00ednez, quien laboraba como vigilante nocturno en un edificio en construcci\u00f3n contiguo a la empresa automovil\u00edstica Santo Domingo Motors, sorprendi\u00f3 a su amigo Ofelio Ernesto Ventura, empleado de SEGASA, mientras dorm\u00eda, y le propin\u00f3 varios golpes en la cabeza con un pedazo de block, provoc\u00e1ndole la muerte instant\u00e1nea.&nbsp;<\/p>\n\n\n\n<p>Tan pronto cometi\u00f3 el hecho, el agresor despoj\u00f3 a la v\u00edctima de su cartera y una pistola Caranday calibre nueve mil\u00edmetros que utilizaba para desempe\u00f1ar sus labores y luego lanz\u00f3 el pedazo de block hacia afuera de las instalaciones de la empresa y huy\u00f3 del lugar, acciones que quedaron registrada en c\u00e1maras de video que funcionan en el lugar, lo que facilit\u00f3 su identificaci\u00f3n y posterior apresamiento.&nbsp;<\/p>\n\n\n\n<p>Tras su apresamiento, al ser interrogado, Santana Mart\u00ednez admiti\u00f3 los hechos, explicando que la pistola sustra\u00edda de la escena del crimen la hab\u00eda empe\u00f1ado por la suma de RD$10,000 (diez mil pesos) al se\u00f1or Pedro Luis Brito, quien dos d\u00edas despu\u00e9s, el 18 de junio, devolvi\u00f3 el arma voluntariamente a las autoridades a trav\u00e9s de su esposa Jhor Francis Rosado N\u00fa\u00f1ez.&nbsp;<\/p>\n\n\n\n<p>El informe m\u00e9dico forense concluy\u00f3 que la v\u00edctima Ofelio Ernesto Ventura falleci\u00f3 a causa de traumatismo diversos y contusiones en la cabeza, as\u00ed como golpes y fracturas m\u00faltiples con rotura de huecos en la regi\u00f3n frontal, occipital y temporal izquierda, el hombro izquierdo y una hemorragia masiva en el pulm\u00f3n izquierdo y exposici\u00f3n de la masa encef\u00e1lica.&nbsp;&nbsp;<\/p>\n\n\n\n<p>El Ministerio P\u00fablico estableci\u00f3 que la conducta del vigilante \u00c1ngel Emilio Santana Mart\u00ednez constituye el tipo penal de \u201cAsesinato\u201d, previsto y sancionado por los art\u00edculos 295, 296, 297, 298, 302, 379 y 382 del C\u00f3digo Penal Dominicano y el art\u00edculo 67 de la Ley 631-16 que penaliza el uso ilegal de armas de fuego.&nbsp;<\/p>\n\n\n\n<p>La pena impuesta a Santana Mart\u00ednez ser\u00e1 cumplida en el Centro de Correcci\u00f3n y Rehabilitaci\u00f3n Najayo Hombres, en San Crist\u00f3bal, donde se encuentra recluido desde el momento en que se le impuso medida de coerci\u00f3n por el caso.<\/p>\n\n\n\n<p>Direcci\u00f3n General de Comunicaci\u00f3n, Prensa, y RRPP<\/p>\n\n\n\n<p>Ministerio P\u00fablico.&nbsp;R.D.<\/p>\n\n\n\n<p>Viernes, 10 de marzo de 2023.<\/p>\n","protected":false},"excerpt":{"rendered":"<p>SANTO DOMINGO (Rep\u00fablica Dominicana).- Los jueces del Cuarto Tribunal Colegiado del Distrito Nacional condenaron a 30 a\u00f1os de prisi\u00f3n al vigilante \u00c1ngel Emilio Santana Mart\u00ednez, acusado por el Ministerio P\u00fablico de provocarle la muerte el pasado a\u00f1o a un miembro de la seguridad de la empresa automotriz Santo Domingo Motors, en el Ensanche Para\u00edso, del [&hellip;]<\/p>\n","protected":false},"author":28,"featured_media":265615,"comment_status":"closed","ping_status":"","sticky":true,"template":"","format":"standard","meta":{"footnotes":""},"categories":[24,29,27],"tags":[],"class_list":["post-422838","post","type-post","status-publish","format-standard","has-post-thumbnail","hentry","category-justicia-y-derecho","category-policiasucesos","category-portada"],"_links":{"self":[{"href":"https:\/\/diariodominicano.com\/index.php?rest_route=\/wp\/v2\/posts\/422838","targetHints":{"allow":["GET"]}}],"collection":[{"href":"https:\/\/diariodominicano.com\/index.php?rest_route=\/wp\/v2\/posts"}],"about":[{"href":"https:\/\/diariodominicano.com\/index.php?rest_route=\/wp\/v2\/types\/post"}],"author":[{"embeddable":true,"href":"https:\/\/diariodominicano.com\/index.php?rest_route=\/wp\/v2\/users\/28"}],"replies":[{"embeddable":true,"href":"https:\/\/diariodominicano.com\/index.php?rest_route=%2Fwp%2Fv2%2Fcomments&post=422838"}],"version-history":[{"count":1,"href":"https:\/\/diariodominicano.com\/index.php?rest_route=\/wp\/v2\/posts\/422838\/revisions"}],"predecessor-version":[{"id":422839,"href":"https:\/\/diariodominicano.com\/index.php?rest_route=\/wp\/v2\/posts\/422838\/revisions\/422839"}],"wp:featuredmedia":[{"embeddable":true,"href":"https:\/\/diariodominicano.com\/index.php?rest_route=\/wp\/v2\/media\/265615"}],"wp:attachment":[{"href":"https:\/\/diariodominicano.com\/index.php?rest_route=%2Fwp%2Fv2%2Fmedia&parent=422838"}],"wp:term":[{"taxonomy":"category","embeddable":true,"href":"https:\/\/diariodominicano.com\/index.php?rest_route=%2Fwp%2Fv2%2Fcategories&post=422838"},{"taxonomy":"post_tag","embeddable":true,"href":"https:\/\/diariodominicano.com\/index.php?rest_route=%2Fwp%2Fv2%2Ftags&post=422838"}],"curies":[{"name":"wp","href":"https:\/\/api.w.org\/{rel}","templated":true}]}}