{"id":422742,"date":"2023-03-10T10:01:32","date_gmt":"2023-03-10T14:01:32","guid":{"rendered":"http:\/\/diariodominicano.com\/?p=422742"},"modified":"2023-03-10T10:09:46","modified_gmt":"2023-03-10T14:09:46","slug":"fiscal-melbin-romero-acusacion-del-ministerio-publico-en-coral-y-coral-5g-es-fuerte-con-pruebas-fuertes","status":"publish","type":"post","link":"https:\/\/diariodominicano.com\/?p=422742","title":{"rendered":"Fiscal Melbin Romero: acusaci\u00f3n del Ministerio P\u00fablico en Coral y Coral 5G es fuerte con pruebas fuertes"},"content":{"rendered":"\n<p><em><u>Debido a la contundencia de la acusaci\u00f3n las defensas no han podido afectar la teor\u00eda del \u00f3rgano acusador<\/u><\/em><\/p>\n\n\n\n<p>SANTO DOMINGO, Rep\u00fablica Dominicana.- El fiscal Melbin Romero destac\u00f3 este jueves la fortaleza de las pruebas que acompa\u00f1an el expediente por corrupci\u00f3n administrativa de las operaciones Coral y Coral 5G, al tiempo de resaltar que con sus alegatos las defensas no pudieron excluir ningunas de las pruebas aportadas por el Ministerio P\u00fablico.<\/p>\n\n\n\n<p>Romero, de la Direcci\u00f3n General de Persecuci\u00f3n del Ministerio P\u00fablico, recalc\u00f3 que se trata de una acusaci\u00f3n fuerte.<\/p>\n\n\n\n<p>\u201cHoy qued\u00f3 nueva vez demostrado que la acusaci\u00f3n del Ministerio P\u00fablico es una acusaci\u00f3n fuerte, es una acusaci\u00f3n con elementos de pruebas fuertes que no pudieron los alegatos de las defensas demostrar que hab\u00eda motivos para excluir algunos de ellos\u201d, dijo al responder preguntas de la prensa en momentos en que sal\u00eda del Sexto Juzgado de la Instrucci\u00f3n del Distrito Nacional donde se conoce la audiencia preliminar contra los acusados.<\/p>\n\n\n\n<p>Detall\u00f3 que en la jornada de ayer jueves expusieron seis defensas de la barra acusada. Entre ellas, dijo que estuvieron las empresas MJ3V Agroindustrial, Distribuidora TAFL, Distribuidora KF, as\u00ed como la defensa de Antonio Su\u00e1rez y tambi\u00e9n RyF Agroindustrial y Fern\u00e1ndez Isa.<\/p>\n\n\n\n<p>\u201cEstas defensas, realmente el Ministerio P\u00fablico ten\u00eda otras expectativas con las presentaciones de sus escritos, pero por citar, hubo defensas que ni siquiera escritos de defensas depositaron, eso lo que hace es que fortalece la posici\u00f3n, la teor\u00eda del caso que lleva el Ministerio P\u00fablico\u201d, dijo.<\/p>\n\n\n\n<p>El fiscal Romero subray\u00f3: \u201cnosotros hoy esper\u00e1bamos m\u00e1s, pero conseguimos sentar las bases en nuestra tesis en la acusaci\u00f3n\u201d.<\/p>\n\n\n\n<p>Sobre se\u00f1alamientos de las defensas, manifest\u00f3: \u201cel Ministerio P\u00fablico hizo su teor\u00eda del caso, y en su teor\u00eda del caso present\u00f3 al tribunal las personas y las empresas que entend\u00eda que ten\u00eda elementos de prueba suficientes para presentarlos ante el juez\u201d.<\/p>\n\n\n\n<p>Romero represent\u00f3 al Ministerio P\u00fablico en la audiencia junto a la procuradora de corte Mirna Ortiz, coordinadora de Litigaci\u00f3n de la Procuradur\u00eda Especializada de Persecuci\u00f3n de la Corrupci\u00f3n Administrativa (Pepca), y los fiscales Jonathan El\u00edas P\u00e9rez, Miguel Collado, Emmanuel Ram\u00edrez y Marinel Brea.<\/p>\n\n\n\n<p>La jueza Yanibet Rivas M\u00e9ndez, del Sexto Juzgado de la Instrucci\u00f3n del Distrito Nacional, luego de concluir la jornada de este jueves, aplaz\u00f3 la audiencia para este 10 de marzo, a partir de las 9:00 de la ma\u00f1ana.<\/p>\n\n\n\n<p>En el proceso el \u00f3rgano acusador solicit\u00f3 apertura a juicio en contra del mayor general Ad\u00e1n C\u00e1ceres Silvestre, Juan Carlos Torres Robiou y los dem\u00e1s acusados de integrar la red de corrupci\u00f3n administrativa desmantelada con las operaciones Coral y Coral 5G.<\/p>\n\n\n\n<p>Entre los acusados de la Operaci\u00f3n Coral adem\u00e1s de C\u00e1ceres Silvestre tambi\u00e9n figuran Rossy Guzm\u00e1n S\u00e1nchez (La Pastora), el cabo policial Tanner Antonio Flete Guzm\u00e1n (hijo de la religiosa), el coronel policial Rafael N\u00fa\u00f1ez de Aza y el sargento de la Armada Alejandro Jos\u00e9 Montero Cruz.<\/p>\n\n\n\n<p>Por la Operaci\u00f3n Coral 5G, derivada de Coral, son procesados adem\u00e1s del general Torres Robiou (FARD), Boanerges Reyes Batista (ARD) y Julio Camilo de los Santos Viola (FARD), as\u00ed como el capit\u00e1n de nav\u00edo (ARD) Franklin Mata Flores y Jos\u00e9 Manuel Rosario Pir\u00f3n.<\/p>\n\n\n\n<p>El proceso tambi\u00e9n se sigue contra Carlos Lantigua, Alfredo Pichardo, Erasmo Roger P\u00e9rez, Jehohanan Luc\u00eda Rodr\u00edguez, Yehudy Blandesmil Guzm\u00e1n y Esmeralda Ortega Polanco.<\/p>\n\n\n\n<p>El \u00f3rgano acusador present\u00f3 cargos en este proceso contra 48 personas, 30 personas f\u00edsicas y 18 personas jur\u00eddicas, quienes son acusados de defraudar al Estado dominicano con m\u00e1s de 4,000 millones de pesos.<\/p>\n\n\n\n<p>El entramado de corrupci\u00f3n oper\u00f3 en el Cuerpo de Seguridad Presidencial (Cusep), el Cuerpo Especializado de Seguridad Tur\u00edstica (Cestur) y el Consejo Nacional para la Ni\u00f1ez y la Adolescencia (Conani).<\/p>\n\n\n\n<p>Direcci\u00f3n General de Comunicaci\u00f3n, Prensa, y RRPP<\/p>\n\n\n\n<p>Ministerio P\u00fablico.&nbsp;R.D.<\/p>\n\n\n\n<p>Viernes, 10 de marzo de 2023.<\/p>\n","protected":false},"excerpt":{"rendered":"<p>Debido a la contundencia de la acusaci\u00f3n las defensas no han podido afectar la teor\u00eda del \u00f3rgano acusador SANTO DOMINGO, Rep\u00fablica Dominicana.- El fiscal Melbin Romero destac\u00f3 este jueves la fortaleza de las pruebas que acompa\u00f1an el expediente por corrupci\u00f3n administrativa de las operaciones Coral y Coral 5G, al tiempo de resaltar que con sus [&hellip;]<\/p>\n","protected":false},"author":28,"featured_media":422743,"comment_status":"closed","ping_status":"","sticky":true,"template":"","format":"standard","meta":{"footnotes":""},"categories":[24,29,27],"tags":[],"class_list":["post-422742","post","type-post","status-publish","format-standard","has-post-thumbnail","hentry","category-justicia-y-derecho","category-policiasucesos","category-portada"],"_links":{"self":[{"href":"https:\/\/diariodominicano.com\/index.php?rest_route=\/wp\/v2\/posts\/422742","targetHints":{"allow":["GET"]}}],"collection":[{"href":"https:\/\/diariodominicano.com\/index.php?rest_route=\/wp\/v2\/posts"}],"about":[{"href":"https:\/\/diariodominicano.com\/index.php?rest_route=\/wp\/v2\/types\/post"}],"author":[{"embeddable":true,"href":"https:\/\/diariodominicano.com\/index.php?rest_route=\/wp\/v2\/users\/28"}],"replies":[{"embeddable":true,"href":"https:\/\/diariodominicano.com\/index.php?rest_route=%2Fwp%2Fv2%2Fcomments&post=422742"}],"version-history":[{"count":1,"href":"https:\/\/diariodominicano.com\/index.php?rest_route=\/wp\/v2\/posts\/422742\/revisions"}],"predecessor-version":[{"id":422744,"href":"https:\/\/diariodominicano.com\/index.php?rest_route=\/wp\/v2\/posts\/422742\/revisions\/422744"}],"wp:featuredmedia":[{"embeddable":true,"href":"https:\/\/diariodominicano.com\/index.php?rest_route=\/wp\/v2\/media\/422743"}],"wp:attachment":[{"href":"https:\/\/diariodominicano.com\/index.php?rest_route=%2Fwp%2Fv2%2Fmedia&parent=422742"}],"wp:term":[{"taxonomy":"category","embeddable":true,"href":"https:\/\/diariodominicano.com\/index.php?rest_route=%2Fwp%2Fv2%2Fcategories&post=422742"},{"taxonomy":"post_tag","embeddable":true,"href":"https:\/\/diariodominicano.com\/index.php?rest_route=%2Fwp%2Fv2%2Ftags&post=422742"}],"curies":[{"name":"wp","href":"https:\/\/api.w.org\/{rel}","templated":true}]}}