{"id":42271,"date":"2019-09-17T23:30:25","date_gmt":"2019-09-17T23:30:25","guid":{"rendered":"http:\/\/diariodominicano.ddns.net\/?p=42271"},"modified":"2019-09-17T23:30:25","modified_gmt":"2019-09-17T23:30:25","slug":"el-alto-costo-de-los-accidentes","status":"publish","type":"post","link":"https:\/\/diariodominicano.com\/?p=42271","title":{"rendered":"EL ALTO COSTO DE LOS ACCIDENTES&#13;"},"content":{"rendered":"<p><body><\/p>\n<\/p>\n<p><strong><span class=\"text1noticias\">EN PRIMERA FILA<\/span><\/strong><\/p>\n<\/p>\n<p><strong><span class=\"text1noticias\">Mario Rivadulla<\/span><\/strong><\/p>\n<\/p>\n<p><span class=\"text1noticias\">La tr\u00e1gica muerte de un joven y cuatro adolescentes cuando el veh\u00edculo conducido por el primero a una velocidad pr\u00e1cticamente suicida se estrell\u00f3 contra una caseta y una banca de apuestas en horas de la madrugada, concede de nuevo actualidad al irresuelto tema del gran n\u00famero de accidentes vehiculares que tienen lugar en el pa\u00eds y la elevada proporci\u00f3n de v\u00edctimas fatales por ese motivo.<\/span><\/p>\n<\/p>\n<p><span class=\"text1noticias\">Son cinco vidas que se pierden apenas despuntando, otros tantos hogares enlutados por el doloroso drama y la comunidad francomacorisana sumida en duelo y pesar ante la irremediable ocurrencia.<\/span><\/p>\n<\/p>\n<p><span class=\"text1noticias\">Tan solo en el per\u00edodo enero a junio del presente a\u00f1o, la cantidad de muertes registrada de manera oficial a consecuencia de los accidentes vehiculares fue de novecientos noventa y seis. La cifra duplica la del mismo per\u00edodo del pasado a\u00f1o. Vamos en retroceso en tanto sigue siendo la principal causa de muertes violentas en nuestro pa\u00eds, sin que hasta ahora ninguna de las medidas adoptadas haya logrado aligerar la cifra, ni luzca que vaya a ocurrir en futuro previsible.<\/span><\/p>\n<\/p>\n<p><span class=\"text1noticias\">Es solo\u00a0la manifestaci\u00f3n mas reciente de la indetenible sangr\u00eda de vidas<\/span><\/p>\n<p><span class=\"text1noticias\">humanas que arrastramos sin soluci\u00f3n de continuidad\u00a0desde hace<\/span><\/p>\n<p><span class=\"text1noticias\">d\u00e9cadas. Seg\u00fan las cifras ofrecidas por el Observatorio de Seguridad<\/span><\/p>\n<p><span class=\"text1noticias\">Ciudadana y el Observatorio Pol\u00edtico Dominicano tan solo en el per\u00edodo<\/span><\/p>\n<p><span class=\"text1noticias\">que va del 2005 al 2019 los accidentes vehiculares ocasionaron 24 mil<\/span><\/p>\n<p><span class=\"text1noticias\">537 muertes en tendencia creciente. Es una cantidad aterradora.<\/span><\/p>\n<p><span class=\"text1noticias\">A tan f\u00fanebre estad\u00edstica habr\u00eda que sumar, por otra parte, la cantidad<\/span><\/p>\n<p><span class=\"text1noticias\">de personas heridas. En no pocos casos, las lesiones recibidas son de tal<\/span><\/p>\n<p><span class=\"text1noticias\">naturaleza que no pueden rebasar su gravedad pese a todas las<\/span><\/p>\n<p><span class=\"text1noticias\">atenciones m\u00e9dicas que se les preste en un in\u00fatil esfuerzo por salvarles la<\/span><\/p>\n<p><span class=\"text1noticias\">vida. Otros sufren discapacidades que requieren un largo per\u00edodo de<\/span><\/p>\n<p><span class=\"text1noticias\">rehabilitaci\u00f3n, en ocasiones tambi\u00e9n insuperables y que dejan a las<\/span><\/p>\n<p><span class=\"text1noticias\">v\u00edctimas limitadas por todo el resto de su existencia.<\/span><\/p>\n<\/p>\n<p><span class=\"text1noticias\">Sobre el elevado costo que la asistencia hospitalaria, prestaciones y<\/span><\/p>\n<p><span class=\"text1noticias\">procedimientos m\u00e9dicos, medicamentos y por lo general dilatados<\/span><\/p>\n<p><span class=\"text1noticias\">procesos de recuperaci\u00f3n, acaba de llamar la atenci\u00f3n el representante<\/span><\/p>\n<p><span class=\"text1noticias\">en el pa\u00eds del Banco Interamericano de Desarrollo, Miguel Coronado<\/span><\/p>\n<p><span class=\"text1noticias\">Hunter.<\/span><\/p>\n<p><span class=\"text1noticias\">A\u00fan cuando en esta ocasi\u00f3n no se mencionan cifras, en anteriores<\/span><\/p>\n<p><span class=\"text1noticias\">oportunidades se ha se\u00f1alado que suman cientos de millones de pesos<\/span><\/p>\n<p><span class=\"text1noticias\">que drenan el limitado presupuesto que el pa\u00eds dedica a la salud p\u00fablica.<\/span><\/p>\n<p><span class=\"text1noticias\">Hay que tomar en cuenta tambi\u00e9n el monto de las reclamaciones<\/span><\/p>\n<p><span class=\"text1noticias\">econ\u00f3micas para las aseguradoras, lo que a su vez hace subir la tarifa de<\/span><\/p>\n<p><span class=\"text1noticias\">las primas para la cobertura de veh\u00edculos de motor, aunque<\/span><\/p>\n<p><span class=\"text1noticias\">naturalmente el costo m\u00e1s elevado por irreparable es el de las vidas que<\/span><\/p>\n<p><span class=\"text1noticias\">se pierden.<\/span><\/p>\n<p><span class=\"text1noticias\">El problema de los accidentes de tr\u00e1nsito y sus fatales consecuencias en<\/span><\/p>\n<p><span class=\"text1noticias\">el pa\u00eds es uno de los m\u00e1s dif\u00edciles de abordar y resolver. Con apenas 10<\/span><\/p>\n<p><span class=\"text1noticias\">millones y medio de habitantes y en un territorio de apenas alrededor de<\/span><\/p>\n<p><span class=\"text1noticias\">48 mil kil\u00f3metros cuadrados, la DGII tiene registrados unos 4 millones y<\/span><\/p>\n<p><span class=\"text1noticias\">medio de veh\u00edculos de motor. Si bien las motocicletas constituyen<\/span><\/p>\n<p><span class=\"text1noticias\">mayor\u00eda, esto solo hace aumentar el riesgo tomando en cuenta la forma<\/span><\/p>\n<p><span class=\"text1noticias\">temeraria en que son conducidas. Casi veinte mil conchos circulando tan<\/span><\/p>\n<p><span class=\"text1noticias\">solo en el Gran Santo Domingo, muchos ellos carros destartalados y en<\/span><\/p>\n<p><span class=\"text1noticias\">precarias condiciones mec\u00e1nicas complican a\u00fan m\u00e1s la situaci\u00f3n.<\/span><\/p>\n<p><span class=\"text1noticias\">Pero lo peor son los p\u00e9simos h\u00e1bitos de manejo. La agresividad de<\/span><\/p>\n<p><span class=\"text1noticias\">muchos choferes. Las continuas y en gran medida impunes violaciones de<\/span><\/p>\n<p><span class=\"text1noticias\">las normas de tr\u00e1nsito; el manejar bajo los efectos de la ingesta de<\/span><\/p>\n<p><span class=\"text1noticias\">bebidas alcoh\u00f3licas cuando no drogas; el hacerlo mientras se habla por<\/span><\/p>\n<p><span class=\"text1noticias\">celulares pese a estar prohibido, y en las carreteras y autopistas el pisar<\/span><\/p>\n<p><span class=\"text1noticias\">el acelerador para lanzar el veh\u00edculo a velocidad desbocada, tal como al<\/span><\/p>\n<p><span class=\"text1noticias\">parecer ocurri\u00f3 en el infortunado caso de estos cinco muchachos.<\/span><\/p>\n<p><span class=\"text1noticias\">Hasta ahora tan grave problema no ha encontrado respuesta. Y peor<\/span><\/p>\n<p><span class=\"text1noticias\">a\u00fan: no parece figurar en la agenda de ninguno de los aspirantes a<\/span><\/p>\n<p><span class=\"text1noticias\">desempe\u00f1ar el poder.<\/span><\/p>\n<\/p>\n<\/p>\n<\/p>\n<h6> 2019-09-17 23:30:25 <\/h6>\n<p><!--\n<link rel=\"stylesheet\" href=\"css\/bootstrap.min.css\">\n\n\n<ul class=\"pagination\">\n\t    \n\t\n\n<li >\n\t<a href='?page_no=529'>Previous<\/a>\n\t<\/li>\n\n\n       \n    \n\n<li><a href='?page_no=1'>1<\/a><\/li>\n\n\n\n<li><a href='?page_no=2'>2<\/a><\/li>\n\n\n\n<li><a>...<\/a><\/li>\n\n\n\n<li><a href='?page_no=528'>528<\/a><\/li>\n\n\n\n<li><a href='?page_no=529'>529<\/a><\/li>\n\n\n\n<li class='active'><a>530<\/a><\/li>\n\n\n\n<li><a href='?page_no=531'>531<\/a><\/li>\n\n\n\n<li><a href='?page_no=532'>532<\/a><\/li>\n\n\n\n<li><a>...<\/a><\/li>\n\n\n\n<li><a href='?page_no=13611'>13611<\/a><\/li>\n\n\n\n<li><a href='?page_no=13612'>13612<\/a><\/li>\n\n    \n\t\n\n<li >\n\t<a href='?page_no=531'>Next<\/a>\n\t<\/li>\n\n\n    \n\n<li><a href='?page_no=13612'>Last &rsaquo;&rsaquo;<\/a><\/li>\n\n<\/ul>\n\n\n--><br \/>\n<\/body><\/p>\n","protected":false},"excerpt":{"rendered":"<p>EN PRIMERA FILA Mario Rivadulla La tr\u00e1gica muerte de un joven y cuatro adolescentes cuando el veh\u00edculo conducido por el primero a una velocidad pr\u00e1cticamente suicida se estrell\u00f3 contra una caseta y una banca de apuestas en horas de la madrugada, concede de nuevo actualidad al irresuelto tema del gran n\u00famero de accidentes vehiculares que [&hellip;]<\/p>\n","protected":false},"author":3,"featured_media":0,"comment_status":"open","ping_status":"open","sticky":false,"template":"","format":"standard","meta":{"footnotes":""},"categories":[16],"tags":[],"class_list":["post-42271","post","type-post","status-publish","format-standard","hentry","category-opiniones"],"_links":{"self":[{"href":"https:\/\/diariodominicano.com\/index.php?rest_route=\/wp\/v2\/posts\/42271","targetHints":{"allow":["GET"]}}],"collection":[{"href":"https:\/\/diariodominicano.com\/index.php?rest_route=\/wp\/v2\/posts"}],"about":[{"href":"https:\/\/diariodominicano.com\/index.php?rest_route=\/wp\/v2\/types\/post"}],"author":[{"embeddable":true,"href":"https:\/\/diariodominicano.com\/index.php?rest_route=\/wp\/v2\/users\/3"}],"replies":[{"embeddable":true,"href":"https:\/\/diariodominicano.com\/index.php?rest_route=%2Fwp%2Fv2%2Fcomments&post=42271"}],"version-history":[{"count":0,"href":"https:\/\/diariodominicano.com\/index.php?rest_route=\/wp\/v2\/posts\/42271\/revisions"}],"wp:attachment":[{"href":"https:\/\/diariodominicano.com\/index.php?rest_route=%2Fwp%2Fv2%2Fmedia&parent=42271"}],"wp:term":[{"taxonomy":"category","embeddable":true,"href":"https:\/\/diariodominicano.com\/index.php?rest_route=%2Fwp%2Fv2%2Fcategories&post=42271"},{"taxonomy":"post_tag","embeddable":true,"href":"https:\/\/diariodominicano.com\/index.php?rest_route=%2Fwp%2Fv2%2Ftags&post=42271"}],"curies":[{"name":"wp","href":"https:\/\/api.w.org\/{rel}","templated":true}]}}