{"id":422537,"date":"2023-03-09T14:17:32","date_gmt":"2023-03-09T18:17:32","guid":{"rendered":"http:\/\/diariodominicano.com\/?p=422537"},"modified":"2023-03-09T14:35:20","modified_gmt":"2023-03-09T18:35:20","slug":"the-beach-punta-cana-inicia-el-llenado-de-piscina-tematica-desarrollada-por-crystal-lagoons%ef%b8%8f","status":"publish","type":"post","link":"https:\/\/diariodominicano.com\/?p=422537","title":{"rendered":"The Beach Punta Cana inicia el Llenado de Piscina Tem\u00e1tica desarrollada por Crystal Lagoons\u00ae\ufe0f"},"content":{"rendered":"\n<p><strong><em>\u201cLa laguna dise\u00f1ada y construida para el proyecto \u201cThe Beach en Punta Cana City Place\u201d, es la m\u00e1s grande en Rep\u00fablica Dominicana y en la regi\u00f3n del Caribe y centro am\u00e9rica\u201d.-<\/em><\/strong><strong><em><br><br><\/em><\/strong><strong><em><\/em><\/strong><\/p>\n\n\n\n<figure class=\"wp-block-image size-large\"><img loading=\"lazy\" decoding=\"async\" width=\"1024\" height=\"683\" src=\"https:\/\/diariodominicano.com\/wp-content\/uploads\/2023\/03\/2.-Jeisson-Perez-Yosselin-Ramos-Karen-Geuens-Liliana-Rivera-Cuadros-Elizabeth-Rivera-Cuadros-y-Philippe-Sartorio-1024x683.jpg\" alt=\"\" class=\"wp-image-422541\" srcset=\"https:\/\/diariodominicano.com\/wp-content\/uploads\/2023\/03\/2.-Jeisson-Perez-Yosselin-Ramos-Karen-Geuens-Liliana-Rivera-Cuadros-Elizabeth-Rivera-Cuadros-y-Philippe-Sartorio-1024x683.jpg 1024w, https:\/\/diariodominicano.com\/wp-content\/uploads\/2023\/03\/2.-Jeisson-Perez-Yosselin-Ramos-Karen-Geuens-Liliana-Rivera-Cuadros-Elizabeth-Rivera-Cuadros-y-Philippe-Sartorio-300x200.jpg 300w, https:\/\/diariodominicano.com\/wp-content\/uploads\/2023\/03\/2.-Jeisson-Perez-Yosselin-Ramos-Karen-Geuens-Liliana-Rivera-Cuadros-Elizabeth-Rivera-Cuadros-y-Philippe-Sartorio-768x512.jpg 768w, https:\/\/diariodominicano.com\/wp-content\/uploads\/2023\/03\/2.-Jeisson-Perez-Yosselin-Ramos-Karen-Geuens-Liliana-Rivera-Cuadros-Elizabeth-Rivera-Cuadros-y-Philippe-Sartorio-1536x1024.jpg 1536w, https:\/\/diariodominicano.com\/wp-content\/uploads\/2023\/03\/2.-Jeisson-Perez-Yosselin-Ramos-Karen-Geuens-Liliana-Rivera-Cuadros-Elizabeth-Rivera-Cuadros-y-Philippe-Sartorio-2048x1366.jpg 2048w, https:\/\/diariodominicano.com\/wp-content\/uploads\/2023\/03\/2.-Jeisson-Perez-Yosselin-Ramos-Karen-Geuens-Liliana-Rivera-Cuadros-Elizabeth-Rivera-Cuadros-y-Philippe-Sartorio-816x544.jpg 816w\" sizes=\"auto, (max-width: 1024px) 100vw, 1024px\" \/><figcaption>Jeisson P\u00e9rez, Yosselin Ramos, Karen Geuens, Liliana Rivera Cuadros, Elizabeth Rivera Cuadros y Philippe Sartorio.<\/figcaption><\/figure>\n\n\n\n<p><strong>Punta Cana, Rep\u00fablica Dominicana.-<\/strong>&nbsp;El Consejo de Directores de The Beach en Punta Cana City Place, realiz\u00f3 una presentaci\u00f3n a los medios de comunicaci\u00f3n y brokers invitados, del sistema de filtraci\u00f3n e inicio del llenado de su impresionante piscina tem\u00e1tica desarrollada con la mundialmente famosa tecnolog\u00eda de Crystal Lagoons\u00ae\ufe0f, empresa poseedora del r\u00e9cord mundial Guines\u00ae\ufe0fdel dise\u00f1o y construcci\u00f3n de la piscina m\u00e1s grande del mundo, localizada en San Alfonso Del Mar, Chile.<\/p>\n\n\n\n<p>El Ing. Joan Gonz\u00e1lez, realiz\u00f3 la descripci\u00f3n del conjunto de apartamentos residenciales en 4 tipos y la tecnolog\u00eda empleada para la piscina de 30,000 mt2 y una capacidad de 21 mm de galones de agua cristalina.&nbsp; En el acto, estuvo acompa\u00f1ado de la Dra. Mar\u00eda Luisa Vilorio y Jorge Henr\u00edquez y Angelo Fabri, miembros del consejo quienes compartieron con los asistentes su experiencia en el desarrollo del impresionante conjunto.<\/p>\n\n\n\n<figure class=\"wp-block-image size-large\"><img loading=\"lazy\" decoding=\"async\" width=\"1024\" height=\"683\" src=\"https:\/\/diariodominicano.com\/wp-content\/uploads\/2023\/03\/3.-Shiva-Yousefian-y-Andres-Rojas-1024x683.jpg\" alt=\"\" class=\"wp-image-422543\" srcset=\"https:\/\/diariodominicano.com\/wp-content\/uploads\/2023\/03\/3.-Shiva-Yousefian-y-Andres-Rojas-1024x683.jpg 1024w, https:\/\/diariodominicano.com\/wp-content\/uploads\/2023\/03\/3.-Shiva-Yousefian-y-Andres-Rojas-300x200.jpg 300w, https:\/\/diariodominicano.com\/wp-content\/uploads\/2023\/03\/3.-Shiva-Yousefian-y-Andres-Rojas-768x512.jpg 768w, https:\/\/diariodominicano.com\/wp-content\/uploads\/2023\/03\/3.-Shiva-Yousefian-y-Andres-Rojas-1536x1024.jpg 1536w, https:\/\/diariodominicano.com\/wp-content\/uploads\/2023\/03\/3.-Shiva-Yousefian-y-Andres-Rojas-2048x1365.jpg 2048w, https:\/\/diariodominicano.com\/wp-content\/uploads\/2023\/03\/3.-Shiva-Yousefian-y-Andres-Rojas-816x544.jpg 816w\" sizes=\"auto, (max-width: 1024px) 100vw, 1024px\" \/><figcaption>Shiva Yousefian y Andr\u00e9s Rojas<\/figcaption><\/figure>\n\n\n\n<p>\u201cCrystal Lagoons\u00ae posee un sistema con tecnolog\u00eda especial, amigable con el medio ambiente y considerada de \u201cla amenidad m\u00e1s preciada del mundo\u201d. El sistema logra una importante reducci\u00f3n en los costos de mantenimiento por su t\u00e9cnica particular de filtrado y recirculaci\u00f3n. La laguna dise\u00f1ada y construida para nuestro proyecto \u201cThe Beach en Punta Cana City Place\u201d, es la m\u00e1s grande en Rep\u00fablica Dominicana y en la regi\u00f3n del Caribe y centro am\u00e9rica\u201d, manifest\u00f3 Joan Gonz\u00e1lez.<\/p>\n\n\n\n<figure class=\"wp-block-image size-large is-resized\"><img loading=\"lazy\" decoding=\"async\" src=\"https:\/\/diariodominicano.com\/wp-content\/uploads\/2023\/03\/4.-Philippe-Sartorio-y-Marcela-Riojitas-1024x683.jpg\" alt=\"\" class=\"wp-image-422547\" width=\"616\" height=\"410\" srcset=\"https:\/\/diariodominicano.com\/wp-content\/uploads\/2023\/03\/4.-Philippe-Sartorio-y-Marcela-Riojitas-1024x683.jpg 1024w, https:\/\/diariodominicano.com\/wp-content\/uploads\/2023\/03\/4.-Philippe-Sartorio-y-Marcela-Riojitas-300x200.jpg 300w, https:\/\/diariodominicano.com\/wp-content\/uploads\/2023\/03\/4.-Philippe-Sartorio-y-Marcela-Riojitas-768x512.jpg 768w, https:\/\/diariodominicano.com\/wp-content\/uploads\/2023\/03\/4.-Philippe-Sartorio-y-Marcela-Riojitas-1536x1024.jpg 1536w, https:\/\/diariodominicano.com\/wp-content\/uploads\/2023\/03\/4.-Philippe-Sartorio-y-Marcela-Riojitas-2048x1365.jpg 2048w, https:\/\/diariodominicano.com\/wp-content\/uploads\/2023\/03\/4.-Philippe-Sartorio-y-Marcela-Riojitas-816x544.jpg 816w\" sizes=\"auto, (max-width: 616px) 100vw, 616px\" \/><figcaption><br><br><br><br><br><br><\/figcaption><\/figure>\n\n\n\n<p><strong>Philippe Sartorio y Marcela Riojitas<\/strong><\/p>\n\n\n\n<p><\/p>\n\n\n\n<p>El proyecto cuenta con un dise\u00f1o armonioso que se distribuye por todo el complejo a trav\u00e9s de su luz natural e impresionantes vistas panor\u00e1micas. The Beach ofrece a los residentes una larga lista de actividades recreativas y se encuentra a solo minutos de las mejores tiendas, restaurantes y entretenimiento de Punta Cana. The Beach es un desarrollo \u00fanico que fomenta un estilo de vida activo y aprovecha al m\u00e1ximo todos los lujos que el Caribe tiene para ofrecer.<\/p>\n\n\n\n<figure class=\"wp-block-image size-large\"><img loading=\"lazy\" decoding=\"async\" width=\"1024\" height=\"683\" src=\"https:\/\/diariodominicano.com\/wp-content\/uploads\/2023\/03\/5.-Reyson-Pimentel-muestra-la-playa-privada-disenada-por-Crystal-Lagoons\u00ae-1024x683.jpg\" alt=\"\" class=\"wp-image-422550\" srcset=\"https:\/\/diariodominicano.com\/wp-content\/uploads\/2023\/03\/5.-Reyson-Pimentel-muestra-la-playa-privada-disenada-por-Crystal-Lagoons\u00ae-1024x683.jpg 1024w, https:\/\/diariodominicano.com\/wp-content\/uploads\/2023\/03\/5.-Reyson-Pimentel-muestra-la-playa-privada-disenada-por-Crystal-Lagoons\u00ae-300x200.jpg 300w, https:\/\/diariodominicano.com\/wp-content\/uploads\/2023\/03\/5.-Reyson-Pimentel-muestra-la-playa-privada-disenada-por-Crystal-Lagoons\u00ae-768x512.jpg 768w, https:\/\/diariodominicano.com\/wp-content\/uploads\/2023\/03\/5.-Reyson-Pimentel-muestra-la-playa-privada-disenada-por-Crystal-Lagoons\u00ae-1536x1024.jpg 1536w, https:\/\/diariodominicano.com\/wp-content\/uploads\/2023\/03\/5.-Reyson-Pimentel-muestra-la-playa-privada-disenada-por-Crystal-Lagoons\u00ae-2048x1365.jpg 2048w, https:\/\/diariodominicano.com\/wp-content\/uploads\/2023\/03\/5.-Reyson-Pimentel-muestra-la-playa-privada-disenada-por-Crystal-Lagoons\u00ae-816x544.jpg 816w\" sizes=\"auto, (max-width: 1024px) 100vw, 1024px\" \/><figcaption><br><br><br><\/figcaption><\/figure>\n\n\n\n<p>Reyson Pimentel muestra la playa privada dise\u00f1ada por Crystal Lagoons\u00ae<\/p>\n\n\n\n<p>The Beach, es desarrollado por el Grupo DT Beach y se encuentra en este momento en el proceso de pre entrega a los adquirientes y en la fase inicial de llenado de la laguna, con lo cual dar\u00e1 formal inicio a las operaciones de servicios y amenidades a todos los propietarios del condominio.&nbsp;&nbsp;<\/p>\n\n\n\n<figure class=\"wp-block-image size-large\"><img loading=\"lazy\" decoding=\"async\" width=\"1024\" height=\"683\" src=\"https:\/\/diariodominicano.com\/wp-content\/uploads\/2023\/03\/Llenado-de-Playa-privada-en-un-lago-artificial-de-30000-mts\u00b2-y-10-millones-de-galones-de-agua-1-1024x683.jpg\" alt=\"\" class=\"wp-image-422556\" srcset=\"https:\/\/diariodominicano.com\/wp-content\/uploads\/2023\/03\/Llenado-de-Playa-privada-en-un-lago-artificial-de-30000-mts\u00b2-y-10-millones-de-galones-de-agua-1-1024x683.jpg 1024w, https:\/\/diariodominicano.com\/wp-content\/uploads\/2023\/03\/Llenado-de-Playa-privada-en-un-lago-artificial-de-30000-mts\u00b2-y-10-millones-de-galones-de-agua-1-300x200.jpg 300w, https:\/\/diariodominicano.com\/wp-content\/uploads\/2023\/03\/Llenado-de-Playa-privada-en-un-lago-artificial-de-30000-mts\u00b2-y-10-millones-de-galones-de-agua-1-768x512.jpg 768w, https:\/\/diariodominicano.com\/wp-content\/uploads\/2023\/03\/Llenado-de-Playa-privada-en-un-lago-artificial-de-30000-mts\u00b2-y-10-millones-de-galones-de-agua-1-1536x1024.jpg 1536w, https:\/\/diariodominicano.com\/wp-content\/uploads\/2023\/03\/Llenado-de-Playa-privada-en-un-lago-artificial-de-30000-mts\u00b2-y-10-millones-de-galones-de-agua-1-2048x1366.jpg 2048w, https:\/\/diariodominicano.com\/wp-content\/uploads\/2023\/03\/Llenado-de-Playa-privada-en-un-lago-artificial-de-30000-mts\u00b2-y-10-millones-de-galones-de-agua-1-816x544.jpg 816w\" sizes=\"auto, (max-width: 1024px) 100vw, 1024px\" \/><\/figure>\n\n\n\n<p>Henry Coradin<a target=\"_blank\" href=\"mailto:henrycoradinrelacionespublicas@gmail.com\" rel=\"noreferrer noopener\">henrycoradinrelacionespublicas<\/a><\/p>\n","protected":false},"excerpt":{"rendered":"<p>\u201cLa laguna dise\u00f1ada y construida para el proyecto \u201cThe Beach en Punta Cana City Place\u201d, es la m\u00e1s grande en Rep\u00fablica Dominicana y en la regi\u00f3n del Caribe y centro am\u00e9rica\u201d.- Punta Cana, Rep\u00fablica Dominicana.-&nbsp;El Consejo de Directores de The Beach en Punta Cana City Place, realiz\u00f3 una presentaci\u00f3n a los medios de comunicaci\u00f3n y [&hellip;]<\/p>\n","protected":false},"author":28,"featured_media":422538,"comment_status":"closed","ping_status":"","sticky":true,"template":"","format":"standard","meta":{"footnotes":""},"categories":[36,27,32],"tags":[],"class_list":["post-422537","post","type-post","status-publish","format-standard","has-post-thumbnail","hentry","category-hombresmujeresycosas","category-portada","category-turismo"],"_links":{"self":[{"href":"https:\/\/diariodominicano.com\/index.php?rest_route=\/wp\/v2\/posts\/422537","targetHints":{"allow":["GET"]}}],"collection":[{"href":"https:\/\/diariodominicano.com\/index.php?rest_route=\/wp\/v2\/posts"}],"about":[{"href":"https:\/\/diariodominicano.com\/index.php?rest_route=\/wp\/v2\/types\/post"}],"author":[{"embeddable":true,"href":"https:\/\/diariodominicano.com\/index.php?rest_route=\/wp\/v2\/users\/28"}],"replies":[{"embeddable":true,"href":"https:\/\/diariodominicano.com\/index.php?rest_route=%2Fwp%2Fv2%2Fcomments&post=422537"}],"version-history":[{"count":6,"href":"https:\/\/diariodominicano.com\/index.php?rest_route=\/wp\/v2\/posts\/422537\/revisions"}],"predecessor-version":[{"id":422557,"href":"https:\/\/diariodominicano.com\/index.php?rest_route=\/wp\/v2\/posts\/422537\/revisions\/422557"}],"wp:featuredmedia":[{"embeddable":true,"href":"https:\/\/diariodominicano.com\/index.php?rest_route=\/wp\/v2\/media\/422538"}],"wp:attachment":[{"href":"https:\/\/diariodominicano.com\/index.php?rest_route=%2Fwp%2Fv2%2Fmedia&parent=422537"}],"wp:term":[{"taxonomy":"category","embeddable":true,"href":"https:\/\/diariodominicano.com\/index.php?rest_route=%2Fwp%2Fv2%2Fcategories&post=422537"},{"taxonomy":"post_tag","embeddable":true,"href":"https:\/\/diariodominicano.com\/index.php?rest_route=%2Fwp%2Fv2%2Ftags&post=422537"}],"curies":[{"name":"wp","href":"https:\/\/api.w.org\/{rel}","templated":true}]}}