{"id":42248,"date":"2019-09-18T23:20:51","date_gmt":"2019-09-18T23:20:51","guid":{"rendered":"http:\/\/diariodominicano.ddns.net\/?p=42248"},"modified":"2019-09-18T23:20:51","modified_gmt":"2019-09-18T23:20:51","slug":"a-pleno-solla-crisis-haitiana","status":"publish","type":"post","link":"https:\/\/diariodominicano.com\/?p=42248","title":{"rendered":"&#13;&#13;A Pleno Sol&#13;&#13;La crisis haitiana"},"content":{"rendered":"<p><body><\/p>\n<\/p>\n<p>A Pleno Sol<\/p>\n<\/p>\n<p>La crisis haitiana<\/p>\n<\/p>\n<p>Por Manuel Hern\u00e1ndez Villeta<\/p>\n<\/p>\n<\/p>\n<p>La profunda crisis pol\u00edtica y social que sufre Hait\u00ed, es un problema que tiene que ser abordado por los dominicanos. Un pa\u00eds neo-nato carece de instituciones, de ej\u00e9rcito, de respeto ciudadano, y todos esos infortunios amenazan con embargarnos.<\/p>\n<\/p>\n<p>Por diferentes razones, la incertidumbre haitiana afecta a los dominicanos. Una migraci\u00f3n masiva, sin documentos, con enfermedades, con brujer\u00edas, intolerable, pero que a la fuerza los organismos internacionales han doblado el pulso a las autoridades.<\/p>\n<\/p>\n<p>Masas irredentas de haitianos se han tirado a las calles en manifestaciones que son ahogadas en violencia. Los gobiernos haitianos son inestables y la fuerza de paz de las Naciones Unidas est\u00e1 pr\u00e1cticamente desmantelada. Los organismos internacionales quieren que Rep\u00fablica Dominicana se eche sobre sus hombros esta gran crisis.<\/p>\n<\/p>\n<p>Y no puede ser, los dominicanos padecemos ahora mismo grandes problemas econ\u00f3micos y sociales que tenemos que resolver. Cientos de miles de haitianos se encuentran en nuestro territorio de manera ilegal, y quieren declarar sus hijos como dominicanos.<\/p>\n<\/p>\n<p>Podemos ser solidarios con Hait\u00ed, como es el caso de los miles de parturientas atendidas en hospitales dominicanos,  o de los ni\u00f1os que van a las escuelas  nacionales, pero hay que estar bien claro que los problemas haitianos son haitianos, y no dominicanos.<\/p>\n<\/p>\n<p>Se hace necesario retomar el camino en lo que se refiere a Hait\u00ed. La frontera esta sellada, pero ello no es suficiente. Las Fuerzas Armadas hacen una gran labor de vigilancia en la frontera, pero es imposible que puedan tener control total. Hay que enfrentar a los organismos internacionales, que evaden responsabilidad echando este problema a los dominicanos.<\/p>\n<\/p>\n<p>No hay una frontera delineada matem\u00e1ticamente, sino que  se encuentra marcada por cuevas, r\u00edos, monta\u00f1as, zonas donde es  dif\u00edcil poder mantener un control permanente y radical. La mayor\u00eda de los haitianos pasan por esos escabrosos senderos, que ni siquiera aparecen en los mapas.<\/p>\n<\/p>\n<p>Con la crisis haitiana, hay que redoblar todos los esfuerzos de control, porque la migraci\u00f3n se multiplicara. No solo ser\u00e1 en lo econ\u00f3mico, sino que todo el que tema por su vida en  medio de esa anarqu\u00eda, tomar\u00e1 la senda de la Rep\u00fablica Dominicana. Hay que prepararse para hacer frente a la parte de la crisis haitiana que nos quiere envolver y que podr\u00eda tener repercusiones en el pa\u00eds. \u00a1Ay!, se me acab\u00f3 la tinta.<\/p>\n<\/p>\n<\/p>\n<h6> 2019-09-18 23:20:51 <\/h6>\n<p><!--\n<link rel=\"stylesheet\" href=\"css\/bootstrap.min.css\">\n\n\n<ul class=\"pagination\">\n\t    \n\t\n\n<li >\n\t<a href='?page_no=527'>Previous<\/a>\n\t<\/li>\n\n\n       \n    \n\n<li><a href='?page_no=1'>1<\/a><\/li>\n\n\n\n<li><a href='?page_no=2'>2<\/a><\/li>\n\n\n\n<li><a>...<\/a><\/li>\n\n\n\n<li><a href='?page_no=526'>526<\/a><\/li>\n\n\n\n<li><a href='?page_no=527'>527<\/a><\/li>\n\n\n\n<li class='active'><a>528<\/a><\/li>\n\n\n\n<li><a href='?page_no=529'>529<\/a><\/li>\n\n\n\n<li><a href='?page_no=530'>530<\/a><\/li>\n\n\n\n<li><a>...<\/a><\/li>\n\n\n\n<li><a href='?page_no=13611'>13611<\/a><\/li>\n\n\n\n<li><a href='?page_no=13612'>13612<\/a><\/li>\n\n    \n\t\n\n<li >\n\t<a href='?page_no=529'>Next<\/a>\n\t<\/li>\n\n\n    \n\n<li><a href='?page_no=13612'>Last &rsaquo;&rsaquo;<\/a><\/li>\n\n<\/ul>\n\n\n--><br \/>\n<\/body><\/p>\n","protected":false},"excerpt":{"rendered":"<p>A Pleno Sol La crisis haitiana Por Manuel Hern\u00e1ndez Villeta La profunda crisis pol\u00edtica y social que sufre Hait\u00ed, es un problema que tiene que ser abordado por los dominicanos. Un pa\u00eds neo-nato carece de instituciones, de ej\u00e9rcito, de respeto ciudadano, y todos esos infortunios amenazan con embargarnos. Por diferentes razones, la incertidumbre haitiana afecta [&hellip;]<\/p>\n","protected":false},"author":3,"featured_media":0,"comment_status":"open","ping_status":"open","sticky":false,"template":"","format":"standard","meta":{"footnotes":""},"categories":[16],"tags":[],"class_list":["post-42248","post","type-post","status-publish","format-standard","hentry","category-opiniones"],"_links":{"self":[{"href":"https:\/\/diariodominicano.com\/index.php?rest_route=\/wp\/v2\/posts\/42248","targetHints":{"allow":["GET"]}}],"collection":[{"href":"https:\/\/diariodominicano.com\/index.php?rest_route=\/wp\/v2\/posts"}],"about":[{"href":"https:\/\/diariodominicano.com\/index.php?rest_route=\/wp\/v2\/types\/post"}],"author":[{"embeddable":true,"href":"https:\/\/diariodominicano.com\/index.php?rest_route=\/wp\/v2\/users\/3"}],"replies":[{"embeddable":true,"href":"https:\/\/diariodominicano.com\/index.php?rest_route=%2Fwp%2Fv2%2Fcomments&post=42248"}],"version-history":[{"count":0,"href":"https:\/\/diariodominicano.com\/index.php?rest_route=\/wp\/v2\/posts\/42248\/revisions"}],"wp:attachment":[{"href":"https:\/\/diariodominicano.com\/index.php?rest_route=%2Fwp%2Fv2%2Fmedia&parent=42248"}],"wp:term":[{"taxonomy":"category","embeddable":true,"href":"https:\/\/diariodominicano.com\/index.php?rest_route=%2Fwp%2Fv2%2Fcategories&post=42248"},{"taxonomy":"post_tag","embeddable":true,"href":"https:\/\/diariodominicano.com\/index.php?rest_route=%2Fwp%2Fv2%2Ftags&post=42248"}],"curies":[{"name":"wp","href":"https:\/\/api.w.org\/{rel}","templated":true}]}}