{"id":422437,"date":"2023-03-09T11:51:42","date_gmt":"2023-03-09T15:51:42","guid":{"rendered":"http:\/\/diariodominicano.com\/?p=422437"},"modified":"2023-03-09T11:59:25","modified_gmt":"2023-03-09T15:59:25","slug":"policia-nacional-ocupa-cuatro-armas-de-fuego-sin-documentos-incluida-una-escopeta-durante-operativos-en-santiago","status":"publish","type":"post","link":"https:\/\/diariodominicano.com\/?p=422437","title":{"rendered":"Polic\u00eda Nacional ocupa cuatro armas de fuego sin documentos, incluida una escopeta, durante operativos en Santiago"},"content":{"rendered":"\n<p><\/p>\n\n\n\n<figure class=\"wp-block-image size-full\"><img loading=\"lazy\" decoding=\"async\" width=\"676\" height=\"955\" src=\"https:\/\/diariodominicano.com\/wp-content\/uploads\/2023\/03\/2-5.jpg\" alt=\"\" class=\"wp-image-422440\" srcset=\"https:\/\/diariodominicano.com\/wp-content\/uploads\/2023\/03\/2-5.jpg 676w, https:\/\/diariodominicano.com\/wp-content\/uploads\/2023\/03\/2-5-212x300.jpg 212w\" sizes=\"auto, (max-width: 676px) 100vw, 676px\" \/><figcaption> La pistola marca HI-POINT, Cal. 9mm, negra, serie No. P10010883, con un cargador y cuatro c\u00e1psulas para su uso, sin ning\u00fan tipo de documentos, ocupada a  Rafael Leonardo P\u00e1ez Adames.<\/figcaption><\/figure>\n\n\n\n<p><strong>Santiago de los Caballeros, R.D., 9 de Marzo 2023.-<\/strong> Agentes policiales  se incautaron cuatro armas de fuego portadas de manera ilegal, resultando apresadas cuatro personas por los hechos en diferentes sectores de  Santiago, durante operativos focalizados realizados por contingentes  de la Direcci\u00f3n Regional Cibao Central Polic\u00eda Nacional, inform\u00f3 el jueves la instituci\u00f3n a trav\u00e9s de un comunicado de prensa.<\/p>\n\n\n\n<figure class=\"wp-block-image size-full\"><img loading=\"lazy\" decoding=\"async\" width=\"851\" height=\"459\" src=\"https:\/\/diariodominicano.com\/wp-content\/uploads\/2023\/03\/index3.jpg\" alt=\"\" class=\"wp-image-422445\" srcset=\"https:\/\/diariodominicano.com\/wp-content\/uploads\/2023\/03\/index3.jpg 851w, https:\/\/diariodominicano.com\/wp-content\/uploads\/2023\/03\/index3-300x162.jpg 300w, https:\/\/diariodominicano.com\/wp-content\/uploads\/2023\/03\/index3-768x414.jpg 768w, https:\/\/diariodominicano.com\/wp-content\/uploads\/2023\/03\/index3-816x440.jpg 816w\" sizes=\"auto, (max-width: 851px) 100vw, 851px\" \/><figcaption>La escopeta ocupada por la PN.<\/figcaption><\/figure>\n\n\n\n<p>Entre los detenidos figura \u00c1ngel Luis Alonso Mart\u00ednez, de 31 a\u00f1os, en el municipio de Navarrete, luego de haber sustra\u00eddo de un establecimiento comercial, mediante descuido, la escopeta marca Mossberg, cal. 12, serie No. K772366, precisa el informe policial.<\/p>\n\n\n\n<figure class=\"wp-block-image size-full\"><img loading=\"lazy\" decoding=\"async\" width=\"719\" height=\"880\" src=\"https:\/\/diariodominicano.com\/wp-content\/uploads\/2023\/03\/index4.jpg\" alt=\"\" class=\"wp-image-422446\" srcset=\"https:\/\/diariodominicano.com\/wp-content\/uploads\/2023\/03\/index4.jpg 719w, https:\/\/diariodominicano.com\/wp-content\/uploads\/2023\/03\/index4-245x300.jpg 245w\" sizes=\"auto, (max-width: 719px) 100vw, 719px\" \/><\/figure>\n\n\n\n<p>Rafael Leonardo P\u00e1ez Adames, de 42 a\u00f1os, fue apresado en el sector de La Herradura, mientras transitaba&nbsp;&nbsp;a bordo de su veh\u00edculo, el cual, al ser requisado, le fue ocupada la pistola marca HI-POINT, Cal. 9mm, negra, serie No. P10010883, con un cargador y cuatro c\u00e1psulas para su uso, sin ning\u00fan tipo de documentos.<\/p>\n\n\n\n<p>En otro hecho tambi\u00e9n result\u00f3 detenido Ram\u00f3n Dilone Suazo P\u00e9rez, de 42 a\u00f1os, en el sector La Herradura, cuando transitaba a bordo del carro marca Kia, modelo Picanto, placa A944569, que, al ser registrado, se ocup\u00f3 la pistola marca S&amp;W, calibre 9mm, serie No. A774874, con su cargador y 6 c\u00e1psulas, sin ning\u00fan tipo de documentos, as\u00ed como dos pares de esposas de metal.<\/p>\n\n\n\n<figure class=\"wp-block-image size-full\"><img loading=\"lazy\" decoding=\"async\" width=\"881\" height=\"796\" src=\"https:\/\/diariodominicano.com\/wp-content\/uploads\/2023\/03\/index-1.jpg\" alt=\"\" class=\"wp-image-422447\" srcset=\"https:\/\/diariodominicano.com\/wp-content\/uploads\/2023\/03\/index-1.jpg 881w, https:\/\/diariodominicano.com\/wp-content\/uploads\/2023\/03\/index-1-300x271.jpg 300w, https:\/\/diariodominicano.com\/wp-content\/uploads\/2023\/03\/index-1-768x694.jpg 768w, https:\/\/diariodominicano.com\/wp-content\/uploads\/2023\/03\/index-1-816x737.jpg 816w\" sizes=\"auto, (max-width: 881px) 100vw, 881px\" \/><\/figure>\n\n\n\n<p>Por \u00faltimo fue apresado en el municipio de Licey al Medio, Edward Euclides Santos Terrero, 43 a\u00f1os, ocup\u00e1ndole la pistola marca Glock,&nbsp;&nbsp;cal 9mm,&nbsp;&nbsp;modelo 26, serie No. RDS691, con un cargador y&nbsp;&nbsp;6 c\u00e1psulas, sin ning\u00fan tipo de documentos.<\/p>\n\n\n\n<p>Los detenidos y lo ocupados est\u00e1n en poder del Ministerio P\u00fablico para ser sometido a la justicia.<\/p>\n\n\n\n<p>policia nacional<a target=\"_blank\" href=\"mailto:npolicia14@gmail.com\" rel=\"noreferrer noopener\">npolicia14@gmail.com<\/a><\/p>\n\n\n\n<p>SUBDIRECCION DE COMUNICACIONES ESTRATEGICAS DE LA POLICIA NACIONAL, DIRECCI\u00d3N REGIONAL CIBAO CENTRAL<\/p>\n","protected":false},"excerpt":{"rendered":"<p>Santiago de los Caballeros, R.D., 9 de Marzo 2023.- Agentes policiales se incautaron cuatro armas de fuego portadas de manera ilegal, resultando apresadas cuatro personas por los hechos en diferentes sectores de Santiago, durante operativos focalizados realizados por contingentes de la Direcci\u00f3n Regional Cibao Central Polic\u00eda Nacional, inform\u00f3 el jueves la instituci\u00f3n a trav\u00e9s de [&hellip;]<\/p>\n","protected":false},"author":28,"featured_media":422438,"comment_status":"closed","ping_status":"","sticky":true,"template":"","format":"standard","meta":{"footnotes":""},"categories":[24,29,27],"tags":[],"class_list":["post-422437","post","type-post","status-publish","format-standard","has-post-thumbnail","hentry","category-justicia-y-derecho","category-policiasucesos","category-portada"],"_links":{"self":[{"href":"https:\/\/diariodominicano.com\/index.php?rest_route=\/wp\/v2\/posts\/422437","targetHints":{"allow":["GET"]}}],"collection":[{"href":"https:\/\/diariodominicano.com\/index.php?rest_route=\/wp\/v2\/posts"}],"about":[{"href":"https:\/\/diariodominicano.com\/index.php?rest_route=\/wp\/v2\/types\/post"}],"author":[{"embeddable":true,"href":"https:\/\/diariodominicano.com\/index.php?rest_route=\/wp\/v2\/users\/28"}],"replies":[{"embeddable":true,"href":"https:\/\/diariodominicano.com\/index.php?rest_route=%2Fwp%2Fv2%2Fcomments&post=422437"}],"version-history":[{"count":5,"href":"https:\/\/diariodominicano.com\/index.php?rest_route=\/wp\/v2\/posts\/422437\/revisions"}],"predecessor-version":[{"id":422450,"href":"https:\/\/diariodominicano.com\/index.php?rest_route=\/wp\/v2\/posts\/422437\/revisions\/422450"}],"wp:featuredmedia":[{"embeddable":true,"href":"https:\/\/diariodominicano.com\/index.php?rest_route=\/wp\/v2\/media\/422438"}],"wp:attachment":[{"href":"https:\/\/diariodominicano.com\/index.php?rest_route=%2Fwp%2Fv2%2Fmedia&parent=422437"}],"wp:term":[{"taxonomy":"category","embeddable":true,"href":"https:\/\/diariodominicano.com\/index.php?rest_route=%2Fwp%2Fv2%2Fcategories&post=422437"},{"taxonomy":"post_tag","embeddable":true,"href":"https:\/\/diariodominicano.com\/index.php?rest_route=%2Fwp%2Fv2%2Ftags&post=422437"}],"curies":[{"name":"wp","href":"https:\/\/api.w.org\/{rel}","templated":true}]}}