{"id":42237,"date":"2019-09-19T13:46:45","date_gmt":"2019-09-19T13:46:45","guid":{"rendered":"http:\/\/diariodominicano.ddns.net\/?p=42237"},"modified":"2019-09-19T13:46:45","modified_gmt":"2019-09-19T13:46:45","slug":"una-agenda-comun","status":"publish","type":"post","link":"https:\/\/diariodominicano.com\/?p=42237","title":{"rendered":"UNA AGENDA COMUN"},"content":{"rendered":"<p><body><\/p>\n<p>EN PRIMERA FILA<\/p>\n<\/p>\n<p>UNA AGENDA COMUN<\/p>\n<p><strong>Mario Rivadulla<\/strong><\/p>\n<\/p>\n<p>Certeros los comentarios, acertadas las observaciones y valiosas las propuestas que matizaron el discurso del presidente del Consejo Nacional de Hombres de Empresa, Pedro Brache, al comparecer como orador invitado en el almuerzo mensual de la C\u00e1mara Americana de Comercio.<\/p>\n<\/p>\n<p>El destacado empresario, que agota su segundo per\u00edodo al frente del organismo c\u00fapula del empresariado dominicano, hizo hincapi\u00e9 en los retos que plantea la llamada IV Revoluci\u00f3n Industrial, sobre los que ya semanas atr\u00e1s hab\u00eda llamado la atenci\u00f3n el entonces presidente de la Asociaci\u00f3n de Industrias, Campos de Moya. Dentro de ese nuevo  y desafiante marco, Brache advirti\u00f3 sobre las limitaciones de la Estrategia Nacional de Desarrollo.  <\/p>\n<\/p>\n<p>Elaborada e impulsada bajo la gesti\u00f3n del hoy ex Ministro de Econom\u00eda, Planificaci\u00f3n y Desarrollo Tem\u00edstocles Mont\u00e1s y llevada por este a consenso a los distintos sectores pol\u00edticos y productivos, fue fruto de un laborioso y dedicado trabajo que tal como reconoci\u00f3 el orador result\u00f3 una \u00fatil herramienta para fijar prioridades  y elaborar estrategias a mediano y largo plazo.<\/p>\n<\/p>\n<p>Sin embargo, tal hizo notar a su vez el l\u00edder empresarial, los impresionantes cambios tecnol\u00f3gicos que registra el mundo globalizado e interdependiente actual de que formamos parte,  tornan la realidad mas cambiante en forma cada vez m\u00e1s acelerada, obligando a continua revisi\u00f3n y reajuste a esa realidad de los planes estrat\u00e9gicos, sobre todo cuando su dise\u00f1o responde a una proyecci\u00f3n de largo alcance en el tiempo.<\/p>\n<\/p>\n<p>Hoy los retos son mayores y m\u00e1s complejos, e imponen con mayor apremio la necesidad de suscribir una gran alianza de voluntades y esfuerzos que abarquen tanto el sector p\u00fablico como el privado en su m\u00e1s amplia acepci\u00f3n para hacer el uso mas efectivo de los sofisticados medios que la tecnolog\u00eda pone a nuestro alcance.  Quedarse rezagados en su utilizaci\u00f3n, o no hacer empleo eficiente de las mismas es situarnos al margen y cada vez mas distanciados del progreso, irremisiblemente sumidos en atraso y  pobreza crecientes.<\/p>\n<\/p>\n<p>Dentro de la indispensable e impostergable alianza que propone, Brache cit\u00f3 el papel de la academia de manera espec\u00edfica.  A ella le corresponder\u00e1 la exigente tarea de aportar los recursos humanos  dotados de la capacidad requerida  para poder enfrentar de  manera eficiente los retos presentes y futuros.  Hoy disponemos de avanzadas herramientas tecnol\u00f3gicas impensables veinte atr\u00e1s.  Ma\u00f1ana ser\u00e1n sustituidas por otras mas avanzadas en un proceso indetenible de cambios continuos para manejar los cuales debemos estar debidamente preparados.  <\/p>\n<\/p>\n<p>Fue su discurso en definitiva un an\u00e1lisis objetivo del presente con una visi\u00f3n realista del futuro, y  de la necesidad de fijar claramente las metas hacia las cuales encaminar nuestros esfuerzos con sentido de naci\u00f3n. Para ello ser\u00e1 preciso suscribir un gran pacto nacional, una firme alianza colectiva y una agenda de com\u00fan compromiso  que trascienda todo inter\u00e9s particular, donde todos salgamos gananciosos en la medida en que logremos que lo haga el pa\u00eds.<\/p>\n<\/p>\n<p>Ahora solo queda convertir sus propuestas en hechos prontos y concretos.      <\/p>\n<\/p>\n<\/p>\n<\/p>\n<h6> 2019-09-19 13:46:45 <\/h6>\n<p><!--\n<link rel=\"stylesheet\" href=\"css\/bootstrap.min.css\">\n\n\n<ul class=\"pagination\">\n\t    \n\t\n\n<li >\n\t<a href='?page_no=526'>Previous<\/a>\n\t<\/li>\n\n\n       \n    \n\n<li><a href='?page_no=1'>1<\/a><\/li>\n\n\n\n<li><a href='?page_no=2'>2<\/a><\/li>\n\n\n\n<li><a>...<\/a><\/li>\n\n\n\n<li><a href='?page_no=525'>525<\/a><\/li>\n\n\n\n<li><a href='?page_no=526'>526<\/a><\/li>\n\n\n\n<li class='active'><a>527<\/a><\/li>\n\n\n\n<li><a href='?page_no=528'>528<\/a><\/li>\n\n\n\n<li><a href='?page_no=529'>529<\/a><\/li>\n\n\n\n<li><a>...<\/a><\/li>\n\n\n\n<li><a href='?page_no=13611'>13611<\/a><\/li>\n\n\n\n<li><a href='?page_no=13612'>13612<\/a><\/li>\n\n    \n\t\n\n<li >\n\t<a href='?page_no=528'>Next<\/a>\n\t<\/li>\n\n\n    \n\n<li><a href='?page_no=13612'>Last &rsaquo;&rsaquo;<\/a><\/li>\n\n<\/ul>\n\n\n--><br \/>\n<\/body><\/p>\n","protected":false},"excerpt":{"rendered":"<p>EN PRIMERA FILA UNA AGENDA COMUN Mario Rivadulla Certeros los comentarios, acertadas las observaciones y valiosas las propuestas que matizaron el discurso del presidente del Consejo Nacional de Hombres de Empresa, Pedro Brache, al comparecer como orador invitado en el almuerzo mensual de la C\u00e1mara Americana de Comercio. El destacado empresario, que agota su segundo [&hellip;]<\/p>\n","protected":false},"author":3,"featured_media":0,"comment_status":"open","ping_status":"open","sticky":false,"template":"","format":"standard","meta":{"footnotes":""},"categories":[16],"tags":[],"class_list":["post-42237","post","type-post","status-publish","format-standard","hentry","category-opiniones"],"_links":{"self":[{"href":"https:\/\/diariodominicano.com\/index.php?rest_route=\/wp\/v2\/posts\/42237","targetHints":{"allow":["GET"]}}],"collection":[{"href":"https:\/\/diariodominicano.com\/index.php?rest_route=\/wp\/v2\/posts"}],"about":[{"href":"https:\/\/diariodominicano.com\/index.php?rest_route=\/wp\/v2\/types\/post"}],"author":[{"embeddable":true,"href":"https:\/\/diariodominicano.com\/index.php?rest_route=\/wp\/v2\/users\/3"}],"replies":[{"embeddable":true,"href":"https:\/\/diariodominicano.com\/index.php?rest_route=%2Fwp%2Fv2%2Fcomments&post=42237"}],"version-history":[{"count":0,"href":"https:\/\/diariodominicano.com\/index.php?rest_route=\/wp\/v2\/posts\/42237\/revisions"}],"wp:attachment":[{"href":"https:\/\/diariodominicano.com\/index.php?rest_route=%2Fwp%2Fv2%2Fmedia&parent=42237"}],"wp:term":[{"taxonomy":"category","embeddable":true,"href":"https:\/\/diariodominicano.com\/index.php?rest_route=%2Fwp%2Fv2%2Fcategories&post=42237"},{"taxonomy":"post_tag","embeddable":true,"href":"https:\/\/diariodominicano.com\/index.php?rest_route=%2Fwp%2Fv2%2Ftags&post=42237"}],"curies":[{"name":"wp","href":"https:\/\/api.w.org\/{rel}","templated":true}]}}