{"id":42226,"date":"2019-09-19T21:01:47","date_gmt":"2019-09-19T21:01:47","guid":{"rendered":"http:\/\/diariodominicano.ddns.net\/?p=42226"},"modified":"2019-09-19T21:01:47","modified_gmt":"2019-09-19T21:01:47","slug":"a-pleno-soljueces-y-politicos","status":"publish","type":"post","link":"https:\/\/diariodominicano.com\/?p=42226","title":{"rendered":"&#13;&#13;&#13;A Pleno Sol&#13;&#13;Jueces y pol\u00edticos"},"content":{"rendered":"<p><body><\/p>\n<p><strong>Por Manuel Hern\u00e1ndez Villeta<\/strong><\/p>\n<\/p>\n<\/p>\n<p>La recusaci\u00f3n a cinco jueces de la Suprema Corte de Justicia, en relaci\u00f3n con el expediente  Odebreht, sienta un precedente de c\u00f3mo funciona el estamento l\u00edder encargado de aplicar sanciones, o ratificar la inocencia de los encartados.<\/p>\n<\/p>\n<p>Una de las conclusiones del pleno de la Suprema fue que un juez tiene derecho a  tener una ideolog\u00eda y hasta de conservar simpat\u00edas pol\u00edticas, siempre que sean personales y pasivas.<\/p>\n<\/p>\n<p>De esa forma, se evit\u00f3 una recusaci\u00f3n al presidente de la Suprema, Luis Henry Molina, quien hab\u00eda desempe\u00f1ado funciones de jefe de campa\u00f1a o asesor de Tommy Gal\u00e1n, en las pasadas elecciones congresuales en San Crist\u00f3bal.<\/p>\n<\/p>\n<p>Luego de su elecci\u00f3n, Henry Molina present\u00f3 renuncia del Partido de la Liberaci\u00f3n Dominicana, por lo que su pasado pol\u00edtico no era un secreto para nadie. Si ahora se tom\u00f3 en cuenta en lo que se puede interpretar como un choque de funciones, es por las implicaciones del caso Odebrecht.<\/p>\n<\/p>\n<p>Vamos a ser realistas, en la Rep\u00fablica Dominicana no hay un  magistrado de las Altas Cortes, de la Junta Central Electoral o de la C\u00e1mara de Cuentas, que no tenga militancia partidista. Es m\u00e1s, sino se tiene  alg\u00fan tipo de ligaz\u00f3n pol\u00edtica, no llega a la posici\u00f3n.<\/p>\n<\/p>\n<p>Hay partidos pol\u00edticos y hay organizaciones que se dicen apartidistas que tambi\u00e9n tienen su cuota en las selecciones, como es la mal llamada sociedad civil. Siempre es cuestionable a los que quieren jugar a pol\u00edticos, sin meter los pies en medio del agua. Rechazan las diabluras de la pol\u00edtica, pero si se satisfacen con sus bondades.<\/p>\n<\/p>\n<p>Nadie se puede horrorizar por el pasado pol\u00edtico de un magistrado. Nada lo proh\u00edbe en la Rep\u00fablica Dominicana. Lo que no se puede permitir es que luego de ser juramentado un juez utilice la posici\u00f3n para beneficio de un grupo pol\u00edtico determinado.<\/p>\n<\/p>\n<p>La divisi\u00f3n de los cargos por cuotas debe finalizar. Hay profesionales serios y responsables que pueden ser escogidos, fuera del litoral pol\u00edtico. Esto le dar\u00eda m\u00e1s fuerzas a la justicia y la mantendr\u00eda lejos de los vaivenes tan tormentosos del partidismo.<\/p>\n<\/p>\n<p>A los jueces de la Suprema, de la Junta Central Electoral, de las Altas Cortes y de la C\u00e1mara de Cuentas se les debe dar la oportunidad de que trabajen y ejecuten. Su pasado partidista,  debe quedar atr\u00e1s, lo no deben ahora en esta etapa ponerse la chaqueta de un partido determinado.<\/p>\n<\/p>\n<p>La institucionalidad dominicana se tiene que mantener en base a  nuestra realidad de hoy. El partidismo norma la vida nacional, a un magistrado solo lo eleva por encima de la muchedumbre su reciedumbre y verticalidad,  el respeto profesional, humano, institucional y su compromiso con el futuro nacional \u00a1Ay!, se me acab\u00f3 la tinta.<\/p>\n<\/p>\n<h6> 2019-09-19 21:01:47 <\/h6>\n<p><!--\n<link rel=\"stylesheet\" href=\"css\/bootstrap.min.css\">\n\n\n<ul class=\"pagination\">\n\t    \n\t\n\n<li >\n\t<a href='?page_no=525'>Previous<\/a>\n\t<\/li>\n\n\n       \n    \n\n<li><a href='?page_no=1'>1<\/a><\/li>\n\n\n\n<li><a href='?page_no=2'>2<\/a><\/li>\n\n\n\n<li><a>...<\/a><\/li>\n\n\n\n<li><a href='?page_no=524'>524<\/a><\/li>\n\n\n\n<li><a href='?page_no=525'>525<\/a><\/li>\n\n\n\n<li class='active'><a>526<\/a><\/li>\n\n\n\n<li><a href='?page_no=527'>527<\/a><\/li>\n\n\n\n<li><a href='?page_no=528'>528<\/a><\/li>\n\n\n\n<li><a>...<\/a><\/li>\n\n\n\n<li><a href='?page_no=13611'>13611<\/a><\/li>\n\n\n\n<li><a href='?page_no=13612'>13612<\/a><\/li>\n\n    \n\t\n\n<li >\n\t<a href='?page_no=527'>Next<\/a>\n\t<\/li>\n\n\n    \n\n<li><a href='?page_no=13612'>Last &rsaquo;&rsaquo;<\/a><\/li>\n\n<\/ul>\n\n\n--><br \/>\n<\/body><\/p>\n","protected":false},"excerpt":{"rendered":"<p>Por Manuel Hern\u00e1ndez Villeta La recusaci\u00f3n a cinco jueces de la Suprema Corte de Justicia, en relaci\u00f3n con el expediente Odebreht, sienta un precedente de c\u00f3mo funciona el estamento l\u00edder encargado de aplicar sanciones, o ratificar la inocencia de los encartados. Una de las conclusiones del pleno de la Suprema fue que un juez tiene [&hellip;]<\/p>\n","protected":false},"author":3,"featured_media":0,"comment_status":"open","ping_status":"open","sticky":false,"template":"","format":"standard","meta":{"footnotes":""},"categories":[16],"tags":[],"class_list":["post-42226","post","type-post","status-publish","format-standard","hentry","category-opiniones"],"_links":{"self":[{"href":"https:\/\/diariodominicano.com\/index.php?rest_route=\/wp\/v2\/posts\/42226","targetHints":{"allow":["GET"]}}],"collection":[{"href":"https:\/\/diariodominicano.com\/index.php?rest_route=\/wp\/v2\/posts"}],"about":[{"href":"https:\/\/diariodominicano.com\/index.php?rest_route=\/wp\/v2\/types\/post"}],"author":[{"embeddable":true,"href":"https:\/\/diariodominicano.com\/index.php?rest_route=\/wp\/v2\/users\/3"}],"replies":[{"embeddable":true,"href":"https:\/\/diariodominicano.com\/index.php?rest_route=%2Fwp%2Fv2%2Fcomments&post=42226"}],"version-history":[{"count":0,"href":"https:\/\/diariodominicano.com\/index.php?rest_route=\/wp\/v2\/posts\/42226\/revisions"}],"wp:attachment":[{"href":"https:\/\/diariodominicano.com\/index.php?rest_route=%2Fwp%2Fv2%2Fmedia&parent=42226"}],"wp:term":[{"taxonomy":"category","embeddable":true,"href":"https:\/\/diariodominicano.com\/index.php?rest_route=%2Fwp%2Fv2%2Fcategories&post=42226"},{"taxonomy":"post_tag","embeddable":true,"href":"https:\/\/diariodominicano.com\/index.php?rest_route=%2Fwp%2Fv2%2Ftags&post=42226"}],"curies":[{"name":"wp","href":"https:\/\/api.w.org\/{rel}","templated":true}]}}