{"id":422184,"date":"2023-03-08T15:07:35","date_gmt":"2023-03-08T19:07:35","guid":{"rendered":"http:\/\/diariodominicano.com\/?p=422184"},"modified":"2023-03-08T15:08:25","modified_gmt":"2023-03-08T19:08:25","slug":"denuncian-agentes-del-dicrim-apresan-joven-le-plantan-droga-y-golpean-afirman-propietarios-tienen-video-y-llaman-vocero-pn-aclare","status":"publish","type":"post","link":"https:\/\/diariodominicano.com\/?p=422184","title":{"rendered":"Denuncian agentes del DICRIM apresan joven, le plantan droga y golpean. Afirman propietarios tienen video y llaman vocero PN aclare"},"content":{"rendered":"\n<p>  Wilson Miguel Rodr\u00edguez Pinales <\/p>\n\n\n\n<p><strong>Santo Domingo, RD.-<\/strong>Agentes de la Direcci\u00f3n Central de\u00a0 Investigaciones Criminales de la Polic\u00eda Nacional (DICRIM) apresaron, golpearon,\u00a0 le habr\u00edan sustra\u00eddo  m\u00e1s de RD$8,000.00 y le plantaron drogas al joven Wilson Miguel Rodr\u00edguez Pinales, quien denunci\u00f3 el hecho en su contra.<\/p>\n\n\n\n<p>\u00a0\u00a0\u00a0\u00a0\u00a0\u00a0\u00a0\u00a0\u00a0\u00a0\u00a0 Inform\u00f3 que el pasado 7 de marzo (el martes) mientras laboraba en su lugar de trabajo, alrededor de las 12:30 del mediod\u00eda \u201csal\u00ed a comprar una comida en un negocio ubicado a pocos metros, y al ver a los agentes sent\u00ed miedo y regres\u00e9 a mis labores\u201d.<\/p>\n\n\n\n<p>\u00a0\u00a0\u00a0\u00a0\u00a0\u00a0\u00a0\u00a0\u00a0\u00a0\u00a0 Fue cuando los agentes, seg\u00fan explic\u00f3 el joven, comandados por el teniente Polanco, le fueron encima y lo acusaron de delincuente, y \u201cal revisarme se percataron que ten\u00eda dinero en mi bolsillo, metieron sus manos, lo tomaron y me pusieron un vegetal para acusarme de drogas\u201d.<\/p>\n\n\n\n<p><strong>&nbsp;&nbsp;&nbsp;&nbsp;&nbsp;&nbsp;&nbsp;&nbsp;&nbsp;&nbsp;&nbsp;&nbsp;<\/strong>Rodr\u00edguez Pinales dijo que los agentes del Dicrim, en una acci\u00f3n ilegal, entraron a la fuerza a su lugar de trabajo, el centro comercial \u201cBatericentro Ram\u00edrez\u201d, ubicado en la avenida Charles de Gaulle 103, donde lo apresaron llev\u00e1ndolo detenido al destacamento Felicidad ubicado en Los Mina.<\/p>\n\n\n\n<p><strong>Propietarios se quejan<\/strong><\/p>\n\n\n\n<p>&nbsp;&nbsp;&nbsp;&nbsp;&nbsp;&nbsp;&nbsp;&nbsp;&nbsp;&nbsp;&nbsp; Los propietarios de \u201cBatericentro Ram\u00edrez\u201d dijeron sentirse sorprendido con la acci\u00f3n policial, \u201cya que uno lo que entiende es que la polic\u00eda est\u00e1 para cuidarnos y no para robarnos ni agredirnos\u201d.<\/p>\n\n\n\n<p>Explicaron que &nbsp;al ir cuartel a indagar detalles de lo &nbsp;ocurrido el teniente Polanco, que comandaba la patrulla que apres\u00f3 al joven, neg\u00f3 haber entrado al negocio, sin embargo \u201cnosotros tenemos el video de que ingresaron\u201d, por lo que esperamos continuar trabajando horadamente sin preocupaci\u00f3n de que nuestros colaboradores ser\u00e1n tratados como delincuentes\u201d.<\/p>\n\n\n\n<p>Dijeron esperan respuestas del vocero de la polic\u00eda nacional sobre este hecho \u201cbochornoso\u201d, ya que acudiremos a los medios de comunicaci\u00f3n \u201cdonde nos puedan escuchar para que este caso no quede en el olvido\u201d.<\/p>\n\n\n\n<p>El padre de Rodr\u00edguez Pinales aseguro que \u201cmi hijo siempre ha sido un joven trabajador y nunca se hab\u00eda visto envuelto en ning\u00fan acto de delincuencia, y exijo a las autoridades competentes se aclare el caso, que se castiguen los responsables y que su hijo pueda continuar trabajando sin ser asediado por quien est\u00e1 supuesto a cuidarnos\u201d.<\/p>\n\n\n\n<p>El joven, posteriormente, fue liberado a las 9:00 de la noche del mismo d\u00eda luego de la uniformada ver que no podr\u00edan continuar incrimin\u00e1ndolo.\u00a0&#8212;<br>Saludos Cordiales,\u00a0<\/p>\n\n\n\n<p>Alerdys D\u00edaz<a target=\"_blank\" href=\"mailto:alerdys24@gmail.com\" rel=\"noreferrer noopener\">alerdys24@gmail.com<\/a><\/p>\n\n\n\n<p><strong>Alerdys D\u00edaz&nbsp;<\/strong><\/p>\n\n\n\n<p>Ejecutiva&nbsp;Senior de Relaciones P\u00fablicas&nbsp;&nbsp;<\/p>\n","protected":false},"excerpt":{"rendered":"<p>Wilson Miguel Rodr\u00edguez Pinales Santo Domingo, RD.-Agentes de la Direcci\u00f3n Central de\u00a0 Investigaciones Criminales de la Polic\u00eda Nacional (DICRIM) apresaron, golpearon,\u00a0 le habr\u00edan sustra\u00eddo m\u00e1s de RD$8,000.00 y le plantaron drogas al joven Wilson Miguel Rodr\u00edguez Pinales, quien denunci\u00f3 el hecho en su contra. \u00a0\u00a0\u00a0\u00a0\u00a0\u00a0\u00a0\u00a0\u00a0\u00a0\u00a0 Inform\u00f3 que el pasado 7 de marzo (el martes) mientras [&hellip;]<\/p>\n","protected":false},"author":28,"featured_media":422185,"comment_status":"closed","ping_status":"","sticky":true,"template":"","format":"standard","meta":{"footnotes":""},"categories":[29,27],"tags":[],"class_list":["post-422184","post","type-post","status-publish","format-standard","has-post-thumbnail","hentry","category-policiasucesos","category-portada"],"_links":{"self":[{"href":"https:\/\/diariodominicano.com\/index.php?rest_route=\/wp\/v2\/posts\/422184","targetHints":{"allow":["GET"]}}],"collection":[{"href":"https:\/\/diariodominicano.com\/index.php?rest_route=\/wp\/v2\/posts"}],"about":[{"href":"https:\/\/diariodominicano.com\/index.php?rest_route=\/wp\/v2\/types\/post"}],"author":[{"embeddable":true,"href":"https:\/\/diariodominicano.com\/index.php?rest_route=\/wp\/v2\/users\/28"}],"replies":[{"embeddable":true,"href":"https:\/\/diariodominicano.com\/index.php?rest_route=%2Fwp%2Fv2%2Fcomments&post=422184"}],"version-history":[{"count":2,"href":"https:\/\/diariodominicano.com\/index.php?rest_route=\/wp\/v2\/posts\/422184\/revisions"}],"predecessor-version":[{"id":422187,"href":"https:\/\/diariodominicano.com\/index.php?rest_route=\/wp\/v2\/posts\/422184\/revisions\/422187"}],"wp:featuredmedia":[{"embeddable":true,"href":"https:\/\/diariodominicano.com\/index.php?rest_route=\/wp\/v2\/media\/422185"}],"wp:attachment":[{"href":"https:\/\/diariodominicano.com\/index.php?rest_route=%2Fwp%2Fv2%2Fmedia&parent=422184"}],"wp:term":[{"taxonomy":"category","embeddable":true,"href":"https:\/\/diariodominicano.com\/index.php?rest_route=%2Fwp%2Fv2%2Fcategories&post=422184"},{"taxonomy":"post_tag","embeddable":true,"href":"https:\/\/diariodominicano.com\/index.php?rest_route=%2Fwp%2Fv2%2Ftags&post=422184"}],"curies":[{"name":"wp","href":"https:\/\/api.w.org\/{rel}","templated":true}]}}