{"id":42215,"date":"2019-09-19T21:26:50","date_gmt":"2019-09-19T21:26:50","guid":{"rendered":"http:\/\/diariodominicano.ddns.net\/?p=42215"},"modified":"2019-09-19T21:26:50","modified_gmt":"2019-09-19T21:26:50","slug":"odio-gringo-contra-venezuela","status":"publish","type":"post","link":"https:\/\/diariodominicano.com\/?p=42215","title":{"rendered":"ODIO GRINGO CONTRA VENEZUELA"},"content":{"rendered":"<p><body><\/p>\n<p><strong>Narciso Isa Conde<\/strong><\/p>\n<\/p>\n<p>Q<strong>UE DICEN   DE ESTO LOS COMUNICADORES, EMPRESARIOS Y POLITICOS DOMINICANOS QUE SE LA PASAN ATACANDO A LA VENEZUELA BOLIVARIANA Y CHAVISTA?<\/strong><\/p>\n<\/p>\n<\/p>\n<p>Elliot Abrams, alto funcionario e intelectual ultraderechista al servicio de la pol\u00edtica imperialista, declar\u00f3 ante el Comit\u00e9 de Relaciones Exteriores de la C\u00e1mara de Representantes de los Estados Unidos lo siguiente, atenci\u00f3n:<\/p>\n<\/p>\n<p>\u00abEsto de atacar al chavismo es sencillamente para nosotros una guerra de sobrevivencia y la imposici\u00f3n de una raz\u00f3n que debe prevalecer sobre las dem\u00e1s, porque de otro modo estaremos admitiendo y dando campo para que se nos destruya. \u00bfImag\u00ednense, se\u00f1ores representantes, por un segundo, que nosotros dej\u00e1ramos gobernar a los chavistas sin ponerles trabas, sin hacerles la guerra, permiti\u00e9ndoles hacer sus proyectos sociales sin tomar en cuenta nuestras empresas y socios, siendo que los valores nuestros han sido los suyos por casi dos siglos? Imag\u00ednense que le sigamos permitiendo tener toda clase de relaciones extra\u00f1as con todo ese mundo adverso a Estados Unidos, llenando a su pueblo de conceptos e ideas que van todos contra nuestros valores.\u00bb<\/p>\n<\/p>\n<p>\u00abImag\u00ednenselo por un momento, se\u00f1ores representantes: esto conducir\u00eda a la debacle y a la perdici\u00f3n de la democracia en el hemisferio occidental, aqu\u00ed mismo en nuestras entra\u00f1as. He ah\u00ed, la raz\u00f3n primordial por la cual ese tipo de r\u00e9gimen constituye una amenaza para la seguridad nacional de nuestro pa\u00eds, algo que ustedes lo deben saber muy bien.\u00bb<\/p>\n<\/p>\n<p>\u00abEn esencia, de eso se trata la lucha que estamos librando contra este tipo de reg\u00edmenes que pondr\u00edan en peligro nuestro propio destino, la paz mundial. Nosotros, que somos los campeones de la democracia en el mundo, siempre hemos probado que el socialismo ha sido un fracaso en todos los lugares en donde ha tratado de imponerse, y por lo tanto no podemos permitir que en Venezuela eso sea la excepci\u00f3n. \u00bfEntonces vamos acaso a permitir que en Venezuela sea exitoso el socialismo, se\u00f1ores Representantes? \u00bfPueden ustedes creer lo que eso provocar\u00eda en toda la regi\u00f3n de Am\u00e9rica Latina?, \u00bfUstedes pueden imaginarse lo que representa construir tres millones de viviendas sin la participaci\u00f3n de la empresa privada? \u00bfCu\u00e1l ser\u00eda el destino de nuestro modelo si no intervenimos all\u00ed en los proyecto de salud o educaci\u00f3n, en la formaci\u00f3n de sus militares y en la adquisici\u00f3n de los elementos para su defensa?, \u00bfVamos entonces a permitir que en ese pa\u00eds triunfe el socialismo, un sistema al que le hemos venido declarando la guerra desde que nos constituimos en democracia l\u00edder del libre mercado? Por lo tanto, el que no est\u00e9 con nosotros debe pasar por los m\u00e1s dolorosas privaciones, las m\u00e1s terribles inseguridades, las m\u00e1s penosas necesidades de todo aquello que durante tanto tiempo disfrut\u00f3 teni\u00e9ndonos por aliado y por el sost\u00e9n de sus costumbres, de sus h\u00e1bitos y entretenimientos m\u00e1s preciados&#8230;\u00bb.<\/p>\n<\/p>\n<p><strong>A CONFESI\u00d3N DE ELLOS MISMOS, LAS PRUEBAS SOBRE LOS DA\u00d1OS CAUSADOS A VENEZUELA Y A SU PUEBLO, SOBRAN<\/strong><\/p>\n<p><strong> <\/strong><\/p>\n<h6> 2019-09-19 21:26:50 <\/h6>\n<p><!--\n<link rel=\"stylesheet\" href=\"css\/bootstrap.min.css\">\n\n\n<ul class=\"pagination\">\n\t    \n\t\n\n<li >\n\t<a href='?page_no=524'>Previous<\/a>\n\t<\/li>\n\n\n       \n    \n\n<li><a href='?page_no=1'>1<\/a><\/li>\n\n\n\n<li><a href='?page_no=2'>2<\/a><\/li>\n\n\n\n<li><a>...<\/a><\/li>\n\n\n\n<li><a href='?page_no=523'>523<\/a><\/li>\n\n\n\n<li><a href='?page_no=524'>524<\/a><\/li>\n\n\n\n<li class='active'><a>525<\/a><\/li>\n\n\n\n<li><a href='?page_no=526'>526<\/a><\/li>\n\n\n\n<li><a href='?page_no=527'>527<\/a><\/li>\n\n\n\n<li><a>...<\/a><\/li>\n\n\n\n<li><a href='?page_no=13611'>13611<\/a><\/li>\n\n\n\n<li><a href='?page_no=13612'>13612<\/a><\/li>\n\n    \n\t\n\n<li >\n\t<a href='?page_no=526'>Next<\/a>\n\t<\/li>\n\n\n    \n\n<li><a href='?page_no=13612'>Last &rsaquo;&rsaquo;<\/a><\/li>\n\n<\/ul>\n\n\n--><br \/>\n<\/body><\/p>\n","protected":false},"excerpt":{"rendered":"<p>Narciso Isa Conde QUE DICEN DE ESTO LOS COMUNICADORES, EMPRESARIOS Y POLITICOS DOMINICANOS QUE SE LA PASAN ATACANDO A LA VENEZUELA BOLIVARIANA Y CHAVISTA? Elliot Abrams, alto funcionario e intelectual ultraderechista al servicio de la pol\u00edtica imperialista, declar\u00f3 ante el Comit\u00e9 de Relaciones Exteriores de la C\u00e1mara de Representantes de los Estados Unidos lo siguiente, [&hellip;]<\/p>\n","protected":false},"author":3,"featured_media":0,"comment_status":"open","ping_status":"open","sticky":false,"template":"","format":"standard","meta":{"footnotes":""},"categories":[16],"tags":[],"class_list":["post-42215","post","type-post","status-publish","format-standard","hentry","category-opiniones"],"_links":{"self":[{"href":"https:\/\/diariodominicano.com\/index.php?rest_route=\/wp\/v2\/posts\/42215","targetHints":{"allow":["GET"]}}],"collection":[{"href":"https:\/\/diariodominicano.com\/index.php?rest_route=\/wp\/v2\/posts"}],"about":[{"href":"https:\/\/diariodominicano.com\/index.php?rest_route=\/wp\/v2\/types\/post"}],"author":[{"embeddable":true,"href":"https:\/\/diariodominicano.com\/index.php?rest_route=\/wp\/v2\/users\/3"}],"replies":[{"embeddable":true,"href":"https:\/\/diariodominicano.com\/index.php?rest_route=%2Fwp%2Fv2%2Fcomments&post=42215"}],"version-history":[{"count":0,"href":"https:\/\/diariodominicano.com\/index.php?rest_route=\/wp\/v2\/posts\/42215\/revisions"}],"wp:attachment":[{"href":"https:\/\/diariodominicano.com\/index.php?rest_route=%2Fwp%2Fv2%2Fmedia&parent=42215"}],"wp:term":[{"taxonomy":"category","embeddable":true,"href":"https:\/\/diariodominicano.com\/index.php?rest_route=%2Fwp%2Fv2%2Fcategories&post=42215"},{"taxonomy":"post_tag","embeddable":true,"href":"https:\/\/diariodominicano.com\/index.php?rest_route=%2Fwp%2Fv2%2Ftags&post=42215"}],"curies":[{"name":"wp","href":"https:\/\/api.w.org\/{rel}","templated":true}]}}