{"id":422111,"date":"2023-03-08T11:47:44","date_gmt":"2023-03-08T15:47:44","guid":{"rendered":"http:\/\/diariodominicano.com\/?p=422111"},"modified":"2023-03-08T11:47:44","modified_gmt":"2023-03-08T15:47:44","slug":"policia-nacional-informa-apresa-reconocido-delincuente-por-dos-homicidios-mediante-atracos-en-santiago","status":"publish","type":"post","link":"https:\/\/diariodominicano.com\/?p=422111","title":{"rendered":"Polic\u00eda Nacional informa apresa reconocido delincuente por dos homicidios mediante atracos en Santiago"},"content":{"rendered":"\n<p>Archivo:<\/p>\n\n\n\n<p>En un documento de prensa la PN precisa  que  \u00c1ngel Osvaldo Payano figura en sus  archivos policiales con al menos cinco registros por diferentes hechos il\u00edcitos.<\/p>\n\n\n\n<p>Santiago de los caballeros, 8 de Marzo 2023.-\u00a0\u00a0La Polic\u00eda Nacional inform\u00f3 este mi\u00e9rcoles  que fue apresado mediante orden de arresto  \u00c1ngel Osvaldo Payano,\u00a0\u00a0quien\u00a0\u00a0era activamente buscado por haber cometido dos homicidios por proyectil de arma de fuego en hechos separados y haber despojado a dos personas de sus pertenencias en una peluquer\u00eda.<\/p>\n\n\n\n<p>\u00c1ngel Osvaldo Payano, de 27 a\u00f1os,  fue detenido mediante orden judicial No. 01338-2023, acusado de matar  a Daniel Molina alias Gandules, de 58, para despojarlo de su pasola, en un hecho registrado el pasado 18 de febrero del a\u00f1o en curso, en la autopista Joaqu\u00edn Balaguer.<\/p>\n\n\n\n<p>Adem\u00e1s, se le atribuye la muerte de Nelson Tiburcio Fern\u00e1ndez, a quien despoj\u00f3 de la pistola marca Star, serie 1939615, calibre 9 mil\u00edmetros, quien la portaba de manera legal, cuando se encontraba en una peluquer\u00eda&nbsp;&nbsp;ubicada en Reparto Peralta del sector Bella Vista, de esta ciudad, despojando tambi\u00e9n a dos personas de sus celulares, el mismo d\u00eda.<\/p>\n\n\n\n<p>El prevenido, al ser cuestionado con relaci\u00f3n a los hechos que se le imputan, admiti\u00f3 haberlos cometido y que dicha pasola se la hab\u00eda vendido por la suma de 15 mil pesos a una persona.<\/p>\n\n\n\n<p>La Polic\u00eda se\u00f1al\u00f3 que una persona fue detenida para fines de investigaci\u00f3n por presunta implicaci\u00f3n.<\/p>\n\n\n\n<p> \u00c1ngel Osvaldo Payano,  al ser depurado en los archivos policiales, figura con cinco registros por atraco en diferentes fechas, por lo que ser\u00e1 enviado a la justicia, v\u00eda el Ministerio P\u00fablico, para los fines procedentes de ley, se\u00f1ala la informaci\u00f3n dada  por la Polic\u00eda Nacional.<\/p>\n\n\n\n<p><strong>SUBDIRECCION DE COMUNICACIONES ESTRATEGICAS DE LA POLICIA NACIONAL, DIRECCI\u00d3N REGIONAL CIBAO CENTRAL<\/strong>.<\/p>\n","protected":false},"excerpt":{"rendered":"<p>Archivo: En un documento de prensa la PN precisa que \u00c1ngel Osvaldo Payano figura en sus archivos policiales con al menos cinco registros por diferentes hechos il\u00edcitos. Santiago de los caballeros, 8 de Marzo 2023.-\u00a0\u00a0La Polic\u00eda Nacional inform\u00f3 este mi\u00e9rcoles que fue apresado mediante orden de arresto \u00c1ngel Osvaldo Payano,\u00a0\u00a0quien\u00a0\u00a0era activamente buscado por haber cometido [&hellip;]<\/p>\n","protected":false},"author":28,"featured_media":409915,"comment_status":"closed","ping_status":"","sticky":true,"template":"","format":"standard","meta":{"footnotes":""},"categories":[29,27],"tags":[],"class_list":["post-422111","post","type-post","status-publish","format-standard","has-post-thumbnail","hentry","category-policiasucesos","category-portada"],"_links":{"self":[{"href":"https:\/\/diariodominicano.com\/index.php?rest_route=\/wp\/v2\/posts\/422111","targetHints":{"allow":["GET"]}}],"collection":[{"href":"https:\/\/diariodominicano.com\/index.php?rest_route=\/wp\/v2\/posts"}],"about":[{"href":"https:\/\/diariodominicano.com\/index.php?rest_route=\/wp\/v2\/types\/post"}],"author":[{"embeddable":true,"href":"https:\/\/diariodominicano.com\/index.php?rest_route=\/wp\/v2\/users\/28"}],"replies":[{"embeddable":true,"href":"https:\/\/diariodominicano.com\/index.php?rest_route=%2Fwp%2Fv2%2Fcomments&post=422111"}],"version-history":[{"count":1,"href":"https:\/\/diariodominicano.com\/index.php?rest_route=\/wp\/v2\/posts\/422111\/revisions"}],"predecessor-version":[{"id":422113,"href":"https:\/\/diariodominicano.com\/index.php?rest_route=\/wp\/v2\/posts\/422111\/revisions\/422113"}],"wp:featuredmedia":[{"embeddable":true,"href":"https:\/\/diariodominicano.com\/index.php?rest_route=\/wp\/v2\/media\/409915"}],"wp:attachment":[{"href":"https:\/\/diariodominicano.com\/index.php?rest_route=%2Fwp%2Fv2%2Fmedia&parent=422111"}],"wp:term":[{"taxonomy":"category","embeddable":true,"href":"https:\/\/diariodominicano.com\/index.php?rest_route=%2Fwp%2Fv2%2Fcategories&post=422111"},{"taxonomy":"post_tag","embeddable":true,"href":"https:\/\/diariodominicano.com\/index.php?rest_route=%2Fwp%2Fv2%2Ftags&post=422111"}],"curies":[{"name":"wp","href":"https:\/\/api.w.org\/{rel}","templated":true}]}}