{"id":42204,"date":"2019-09-21T20:25:59","date_gmt":"2019-09-21T20:25:59","guid":{"rendered":"http:\/\/diariodominicano.ddns.net\/?p=42204"},"modified":"2019-09-21T20:25:59","modified_gmt":"2019-09-21T20:25:59","slug":"diplomacia-forestal-revive-la-presencia-europea-en-america","status":"publish","type":"post","link":"https:\/\/diariodominicano.com\/?p=42204","title":{"rendered":"Diplomacia Forestal, \u00bfrevive la presencia Europea en Am\u00e9rica?"},"content":{"rendered":"<p><body><\/p>\n<p><strong>Manuel Antonio D\u00edaz Aponte<\/strong><\/p>\n<p><strong> &lt;mada239@hotmail.com&gt;<\/strong><\/p>\n<\/p>\n<p>En Nueva York, la famosa capital del mundo, retumbar\u00e1n los discursos en defensa de que sea protegida la Amazona, paradis\u00edaca zona boscosa que camina hacia la destrucci\u00f3n si no se adoptan las medidas urgentes requeridas.<\/p>\n<\/p>\n<p>\u00bfVolver\u00e1n a polemizar los presidentes de Francia, Emmanuel Macron y de Brasil, Jair Bolsonaro? Es seguro que ambos abordar\u00e1n la problem\u00e1tica del denominado \u00abpulm\u00f3n del mundo\u00bb.  <\/p>\n<\/p>\n<p>Lo que s\u00ed desear\u00edamos todos es que de una vez y por toda sean adoptadas medidas concretas, que se redoblen los esfuerzos dirigidos recuperar los bosques derribados. <\/p>\n<\/p>\n<p>No m\u00e1s protagonismos, pero si mayores controles y la adopci\u00f3n de pol\u00edticas de Estado bien definidas en pro de la protecci\u00f3n al medio ambiente.<\/p>\n<\/p>\n<p>\u00bfAcaso no estamos cansados de discursos?, por tanto, las circunstancias actuales demandan acciones concretas para efectivamente evitar la muerte definitiva de un recurso natural que pertenece a toda la humanidad.<\/p>\n<\/p>\n<p>El secretario general de la Organizaci\u00f3n de las Naciones Unidas (ONU), Antonio Guterrez, sobrevol\u00f3 la zona en helic\u00f3ptero hace unos d\u00edas y por tanto tiene personalmente una visi\u00f3n de la gravedad de la situaci\u00f3n tras los incendios forestales que diezmaron millones de hect\u00e1reas de bosques y mataron miles de animales y especies ex\u00f3ticas.<\/p>\n<\/p>\n<p>Hay sectores ambientalistas que creen firmemente que la ONU ha hecho \u00abmuy poco\u00bb, como principal \u00f3rgano diplom\u00e1tico y deliberativo mundial para fijar una posici\u00f3n contundente en torno a la urgencia de proteger la regi\u00f3n de la Amazonia.<\/p>\n<\/p>\n<p>Asamblea General de la ONU<\/p>\n<\/p>\n<p>Tendr\u00edamos que esperar hacia d\u00f3nde se dirigen las alocuciones de los 194 jefes de Estado y representantes de gobiernos que asistir\u00e1n la pr\u00f3xima semana a la 74 Asamblea General de la ONU en la Gran Manzana.               <\/p>\n<\/p>\n<p>Por supuesto es de esperarse que el propio secretario general de la ONU aborde la crisis ambiental en su mensaje de apertura de esta cumbre de los l\u00edderes mundiales. <\/p>\n<\/p>\n<p>Particularmente los presidentes de Brasil, Jair Bolsonaro; de Bolivia, Evo Morales, de Colombia, Iv\u00e1n Duque y de Francia, Emmanuel Macron, deber\u00e1n referirse al tema en sus intervenciones.<\/p>\n<\/p>\n<p>Los colombianos tambi\u00e9n han perdido recientemente miles de hect\u00e1reas en su selva por diversos incendios.<\/p>\n<\/p>\n<p>Macron ha advertido sobre la peligrosidad que representa la destrucci\u00f3n de la Amazonia para el equilibrio ambiental en el planeta, y viene liderando un movimiento de protecci\u00f3n a esa zona para evitar que el cambio clim\u00e1tico siga agrav\u00e1ndose, lo que supondr\u00eda mayores niveles de temperatura y un desbordamiento de las aguas marinas.    <\/p>\n<\/p>\n<p>En cambio, el presidente de Estados Unidos, Donald Trump, quien abandon\u00f3 el Acuerdo de Paris contra el cambio clim\u00e1tico suscrito por su antecesor Barack Obama en 2015, porque supuestamente da\u00f1a los intereses estadounidenses, probablemente ni siquiera toque el tema ambiental en su mensaje ante la Asamblea General de la ONU.<\/p>\n<\/p>\n<p>Trump ha estado cabildeando la renegociaci\u00f3n de otro acuerdo clim\u00e1tico, pero los principales l\u00edderes de Alemania, Italia y Francia ya han anticipado que es imposible. <\/p>\n<\/p>\n<p>Cuando el presidente franc\u00e9s lanz\u00f3 el grito de auxilio a la Amazonia probablemente no se imagin\u00f3 su impacto en las decisiones del poder mundial, reacciones que continuar\u00e1n en la Septuag\u00e9sima Cuarta Asamblea General de la Organizaci\u00f3n de las Naciones Unidas (ONU), en Nueva York.  <\/p>\n<\/p>\n<p>Las devastaciones ecol\u00f3gicas que padece desde hace varios a\u00f1os la Amazonia nos conduce a pensar hasta qu\u00e9 punto son las propias autoridades de esa regi\u00f3n, las que propician y legitiman esa inhumana acci\u00f3n que llevar\u00eda irremediablemente a la humanidad hacia un abismo. <\/p>\n<\/p>\n<p>Devastaciones Ecol\u00f3gicas<\/p>\n<\/p>\n<p>Desde Colombia, Per\u00fa, Ecuador, Venezuela, Bolivia hasta Brasil, el cuadro de saqueo y explotaci\u00f3n de los recursos naturales es impresionante.<\/p>\n<\/p>\n<p>Estructuras mafiosas compuestas por mercantilistas que operan bajo el amparo oficial son los mayores responsables del descalabro vegetativo en la regi\u00f3n del Cono Sur, propiciando la extracci\u00f3n de toneladas de madera preciosa de gran demanda en los mercados mundiales.<\/p>\n<\/p>\n<p>Igualmente hay explotaci\u00f3n indiscriminada de minas de oro, plata, bauxita y zinc en esos lugares donde la naturaleza levant\u00f3 un verdadero para\u00edso.  <\/p>\n<\/p>\n<p>Cuando la corona portuguesa sali\u00f3 del territorio de Brasil en 1822, luego de m\u00e1s de tres siglos de dominaci\u00f3n, la regi\u00f3n de la Amazonia era una verdadera selva de copiosos bosques, riquezas minerales, mayormente oro de una infinita proporci\u00f3n, animales salvajes y un espacio de dominaci\u00f3n  ind\u00edgena impenetrable, que celosamente cuida de sus ancestrales culturas y tradiciones milenarias.<\/p>\n<\/p>\n<p>Desde la Colonia hasta Hoy<\/p>\n<\/p>\n<p>Todav\u00eda en el siglo 19 el \u00abbot\u00edn de la selva\u00bb era virgen pese a las toneladas de oro, madera preciosa y otras riquezas con las  que cargaron los colonizadores con destino a Portugal y diversos litorales europeos.<\/p>\n<\/p>\n<p>Para el siglo XVIII las minas de oro de Brasil se hab\u00edan convertido en la principal fuente econ\u00f3mica de la colonia.<\/p>\n<\/p>\n<p>En 1983 en la ic\u00f3nica Sierra Pelada, la mayor mina de oro del territorio brasile\u00f1o, 15 toneladas del cotizado metal precioso fueron arrancadas de sus entra\u00f1as, seg\u00fan datos oficiales.<\/p>\n<\/p>\n<p>Alrededor de doscientos mil buscadores del tesoro se movilizan cotidianamente por su vasto territorio tratando de alcanzar la gloria aunque sea con una peque\u00f1a \u00abpepita de oro\u00bb en las manos.      <\/p>\n<\/p>\n<p>Art\u00edculo de Manuel D\u00edaz Aponte      <\/p>\n<\/p>\n<p>&#8230;<\/p>\n<h6> 2019-09-21 20:25:59 <\/h6>\n<p><!--\n<link rel=\"stylesheet\" href=\"css\/bootstrap.min.css\">\n\n\n<ul class=\"pagination\">\n\t    \n\t\n\n<li >\n\t<a href='?page_no=523'>Previous<\/a>\n\t<\/li>\n\n\n       \n    \n\n<li><a href='?page_no=1'>1<\/a><\/li>\n\n\n\n<li><a href='?page_no=2'>2<\/a><\/li>\n\n\n\n<li><a>...<\/a><\/li>\n\n\n\n<li><a href='?page_no=522'>522<\/a><\/li>\n\n\n\n<li><a href='?page_no=523'>523<\/a><\/li>\n\n\n\n<li class='active'><a>524<\/a><\/li>\n\n\n\n<li><a href='?page_no=525'>525<\/a><\/li>\n\n\n\n<li><a href='?page_no=526'>526<\/a><\/li>\n\n\n\n<li><a>...<\/a><\/li>\n\n\n\n<li><a href='?page_no=13611'>13611<\/a><\/li>\n\n\n\n<li><a href='?page_no=13612'>13612<\/a><\/li>\n\n    \n\t\n\n<li >\n\t<a href='?page_no=525'>Next<\/a>\n\t<\/li>\n\n\n    \n\n<li><a href='?page_no=13612'>Last &rsaquo;&rsaquo;<\/a><\/li>\n\n<\/ul>\n\n\n--><br \/>\n<\/body><\/p>\n","protected":false},"excerpt":{"rendered":"<p>Manuel Antonio D\u00edaz Aponte &lt;mada239@hotmail.com&gt; En Nueva York, la famosa capital del mundo, retumbar\u00e1n los discursos en defensa de que sea protegida la Amazona, paradis\u00edaca zona boscosa que camina hacia la destrucci\u00f3n si no se adoptan las medidas urgentes requeridas. \u00bfVolver\u00e1n a polemizar los presidentes de Francia, Emmanuel Macron y de Brasil, Jair Bolsonaro? Es [&hellip;]<\/p>\n","protected":false},"author":3,"featured_media":0,"comment_status":"open","ping_status":"open","sticky":false,"template":"","format":"standard","meta":{"footnotes":""},"categories":[16],"tags":[],"class_list":["post-42204","post","type-post","status-publish","format-standard","hentry","category-opiniones"],"_links":{"self":[{"href":"https:\/\/diariodominicano.com\/index.php?rest_route=\/wp\/v2\/posts\/42204","targetHints":{"allow":["GET"]}}],"collection":[{"href":"https:\/\/diariodominicano.com\/index.php?rest_route=\/wp\/v2\/posts"}],"about":[{"href":"https:\/\/diariodominicano.com\/index.php?rest_route=\/wp\/v2\/types\/post"}],"author":[{"embeddable":true,"href":"https:\/\/diariodominicano.com\/index.php?rest_route=\/wp\/v2\/users\/3"}],"replies":[{"embeddable":true,"href":"https:\/\/diariodominicano.com\/index.php?rest_route=%2Fwp%2Fv2%2Fcomments&post=42204"}],"version-history":[{"count":0,"href":"https:\/\/diariodominicano.com\/index.php?rest_route=\/wp\/v2\/posts\/42204\/revisions"}],"wp:attachment":[{"href":"https:\/\/diariodominicano.com\/index.php?rest_route=%2Fwp%2Fv2%2Fmedia&parent=42204"}],"wp:term":[{"taxonomy":"category","embeddable":true,"href":"https:\/\/diariodominicano.com\/index.php?rest_route=%2Fwp%2Fv2%2Fcategories&post=42204"},{"taxonomy":"post_tag","embeddable":true,"href":"https:\/\/diariodominicano.com\/index.php?rest_route=%2Fwp%2Fv2%2Ftags&post=42204"}],"curies":[{"name":"wp","href":"https:\/\/api.w.org\/{rel}","templated":true}]}}