{"id":421823,"date":"2023-03-07T12:35:43","date_gmt":"2023-03-07T16:35:43","guid":{"rendered":"http:\/\/diariodominicano.com\/?p=421823"},"modified":"2023-03-07T12:36:06","modified_gmt":"2023-03-07T16:36:06","slug":"fiscalia-de-santiago-solicita-prision-preventiva-contra-imputados-por-homicidio-de-productor-artistico","status":"publish","type":"post","link":"https:\/\/diariodominicano.com\/?p=421823","title":{"rendered":"Fiscal\u00eda de Santiago solicita prisi\u00f3n preventiva contra imputados por homicidio de productor art\u00edstico"},"content":{"rendered":"\n<p>SANTIAGO, Rep\u00fablica Dominicana.- La Fiscal\u00eda de Santiago solicit\u00f3 que se imponga la prisi\u00f3n preventiva, como medida de coerci\u00f3n, contra tres hombres a los cuales imputa el homicidio del  productor art\u00edstico de esta ciudad,  \u00c1ngel Rafael Caba Dom\u00ednguez (DJ Canela y\/o Carlos), de 47 a\u00f1os de edad.\u00a0 muerto a tiros la madrugada del pasado s\u00e1bado 4 de marzo en el ensanche Bol\u00edvar, al norte de la ciudad.\u00a0<\/p>\n\n\n\n<p>En la instancia de solicitud de medidas, depositada la noche del lunes ante la Oficina Judicial de Servicios de Atenci\u00f3n Permanente, la Fiscal\u00eda de Santiago presenta evidencias que sustentan la imputaci\u00f3n contra Raymund Samuel D\u00edaz (Ray, Pitbull y\/o Raymundo), Allison Moreno Rodr\u00edguez (Barajita) y Jeifry Rafael Pe\u00f1a P\u00e9rez, por el homicidio de \u00c1ngel Rafael Caba Dom\u00ednguez (DJ Canela y\/o Carlos), de 47 a\u00f1os de edad.\u00a0<\/p>\n\n\n\n<p>La medida de coerci\u00f3n establece que los imputados, asociados, interceptaron e hirieron a la v\u00edctima y luego lo dejaron abandonado y ocultaron las evidencias del hecho, para evadir su responsabilidad penal.&nbsp;<\/p>\n\n\n\n<p>La Fiscal\u00eda ha logrado individualizar a los procesados y en el curso de los d\u00edas ha reunido elementos probatorios suficientes para imputarles los delitos de homicidio, asociaci\u00f3n de malhechores y porte ilegal de un arma de fuego.&nbsp;<\/p>\n\n\n\n<p>Vali\u00e9ndose de la secuencia de hechos atribuidos a los imputados el Ministerio P\u00fablico le otorga al proceso la calificaci\u00f3n jur\u00eddica establecida en los art\u00edculos 265, 266, 295 y 304 del C\u00f3digo Penal Dominicano, as\u00ed como la violaci\u00f3n a los art\u00edculos 66 y 67 de Ley 631-16 para el Control y Regulaci\u00f3n de Armas, Municiones y Materiales Relacionados.&nbsp;<\/p>\n\n\n\n<p>En la escena&nbsp;<\/p>\n\n\n\n<p>Dentro del conjunto de pruebas, los fiscales investigadores del Ministerio P\u00fablico describen los momentos previos al tiroteo y establecen, basado en los videos de c\u00e1maras de vigilancia, los lugares donde se encontraban los imputados antes de llegar a la escena del crimen.&nbsp;<\/p>\n\n\n\n<p>Cuando acorralan a la v\u00edctima, que estaba a bordo de un veh\u00edculo aparcado en una calle del ensanche Bol\u00edvar, lo mataron a tiros y luego huyeron del lugar.<\/p>\n\n\n\n<p>Direcci\u00f3n General de Comunicaci\u00f3n, Prensa, y RRPP<\/p>\n\n\n\n<p>Ministerio P\u00fablico.&nbsp;R.D.<\/p>\n\n\n\n<p>Martes, 7 de marzo de 2023.<\/p>\n","protected":false},"excerpt":{"rendered":"<p>SANTIAGO, Rep\u00fablica Dominicana.- La Fiscal\u00eda de Santiago solicit\u00f3 que se imponga la prisi\u00f3n preventiva, como medida de coerci\u00f3n, contra tres hombres a los cuales imputa el homicidio del productor art\u00edstico de esta ciudad, \u00c1ngel Rafael Caba Dom\u00ednguez (DJ Canela y\/o Carlos), de 47 a\u00f1os de edad.\u00a0 muerto a tiros la madrugada del pasado s\u00e1bado 4 [&hellip;]<\/p>\n","protected":false},"author":28,"featured_media":302166,"comment_status":"closed","ping_status":"","sticky":true,"template":"","format":"standard","meta":{"footnotes":""},"categories":[24,29,27],"tags":[],"class_list":["post-421823","post","type-post","status-publish","format-standard","has-post-thumbnail","hentry","category-justicia-y-derecho","category-policiasucesos","category-portada"],"_links":{"self":[{"href":"https:\/\/diariodominicano.com\/index.php?rest_route=\/wp\/v2\/posts\/421823","targetHints":{"allow":["GET"]}}],"collection":[{"href":"https:\/\/diariodominicano.com\/index.php?rest_route=\/wp\/v2\/posts"}],"about":[{"href":"https:\/\/diariodominicano.com\/index.php?rest_route=\/wp\/v2\/types\/post"}],"author":[{"embeddable":true,"href":"https:\/\/diariodominicano.com\/index.php?rest_route=\/wp\/v2\/users\/28"}],"replies":[{"embeddable":true,"href":"https:\/\/diariodominicano.com\/index.php?rest_route=%2Fwp%2Fv2%2Fcomments&post=421823"}],"version-history":[{"count":1,"href":"https:\/\/diariodominicano.com\/index.php?rest_route=\/wp\/v2\/posts\/421823\/revisions"}],"predecessor-version":[{"id":421824,"href":"https:\/\/diariodominicano.com\/index.php?rest_route=\/wp\/v2\/posts\/421823\/revisions\/421824"}],"wp:featuredmedia":[{"embeddable":true,"href":"https:\/\/diariodominicano.com\/index.php?rest_route=\/wp\/v2\/media\/302166"}],"wp:attachment":[{"href":"https:\/\/diariodominicano.com\/index.php?rest_route=%2Fwp%2Fv2%2Fmedia&parent=421823"}],"wp:term":[{"taxonomy":"category","embeddable":true,"href":"https:\/\/diariodominicano.com\/index.php?rest_route=%2Fwp%2Fv2%2Fcategories&post=421823"},{"taxonomy":"post_tag","embeddable":true,"href":"https:\/\/diariodominicano.com\/index.php?rest_route=%2Fwp%2Fv2%2Ftags&post=421823"}],"curies":[{"name":"wp","href":"https:\/\/api.w.org\/{rel}","templated":true}]}}