{"id":421562,"date":"2023-03-06T21:51:55","date_gmt":"2023-03-07T01:51:55","guid":{"rendered":"http:\/\/diariodominicano.com\/?p=421562"},"modified":"2023-03-06T21:51:55","modified_gmt":"2023-03-07T01:51:55","slug":"el-tribunal-colegiado-de-san-cristobal-impone-10-anos-de-prision-a-un-hombre-intento-asesinar-a-su-pareja-a-punaladas","status":"publish","type":"post","link":"https:\/\/diariodominicano.com\/?p=421562","title":{"rendered":"El Tribunal Colegiado de San Crist\u00f3bal impone 10 a\u00f1os de prisi\u00f3n a un hombre intent\u00f3 asesinar a su pareja a pu\u00f1aladas"},"content":{"rendered":"\n<p>Archivo:<\/p>\n\n\n\n<p><strong>SAN CRIST\u00d3BAL, Rep\u00fablica Dominicana.-<\/strong>\u00a0El Tribunal Colegiado de este distrito judicial dict\u00f3 10 de prisi\u00f3n en contra de un hombre que intent\u00f3 asesinar a pu\u00f1aladas a su pareja, en un hecho ocurrido en julio del 2018 en los Bajos de Haina, San Crist\u00f3bal.<\/p>\n\n\n\n<p>El tribunal, presidido por la jueza Biulkys Milan\u00e9s Balbuena, dict\u00f3 la sentencia en contra de Pascual Herrera V\u00e1squez, quien intent\u00f3 quitarle la vida a su pareja de entonces, Mar\u00eda Duarte Rodr\u00edguez.<\/p>\n\n\n\n<p>Las fiscales Aurelina Cuevas Ram\u00f3n y Juana Francisca Montas, demostraron ante el tribunal que las acciones de Herrera V\u00e1squez constituyen una violaci\u00f3n a los art\u00edculos 2,295, 309-2 y 309-3 literal E del C\u00f3digo Penal Dominicano, que castigan el intento de homicidio y la violencia domestica e intrafamiliar.<\/p>\n\n\n\n<p>Las agresiones en contra de la v\u00edctima iniciaron el 16 de julio de 2018, cuando tras una discusi\u00f3n entre ambos, Herrera V\u00e1squez atac\u00f3 a Duarte Rodr\u00edguez, caus\u00e1ndole heridas en la regi\u00f3n frontal derecha, en la regi\u00f3n maxilar izquierda y en el cuello.<\/p>\n\n\n\n<p>Tras este hecho, el hoy procesado indic\u00f3 a una hija de Duarte Rodr\u00edguez, que la v\u00edctima no vivir\u00eda m\u00e1s all\u00e1 del 28 de julio, fecha en la que aprovech\u00f3 que \u00e9sta se encontraba en una iglesia de los Bajos de Haina, donde se congregaba, ingres\u00f3 al lugar y la agredi\u00f3, apu\u00f1al\u00e1ndola por la espalda y luego emprendi\u00f3 la huida.<\/p>\n\n\n\n<p>Duarte Rodr\u00edguez, quien fue recibi\u00f3 heridas penetrantes en el t\u00f3rax posterior y en el hemit\u00f3rax, fue socorrida y llevada al Hospital Marcelino V\u00e9lez Santana.<\/p>\n\n\n\n<p>Por disposici\u00f3n del tribunal, el procesado cumplir\u00e1 la pena en el Centro de Correcci\u00f3n y Rehabilitaci\u00f3n Najayo Hombres.<\/p>\n\n\n\n<p>Comunicaciones Prensa PGR<a target=\"_blank\" href=\"mailto:comunicaciones@pgr.gob.do\" rel=\"noreferrer noopener\">comunicaciones@pgr.gob.do<\/a><\/p>\n\n\n\n<p><strong>Direcci\u00f3n General de Comunicaci\u00f3n, Prensa, y RRPP<\/strong><\/p>\n\n\n\n<p>Ministerio P\u00fablico.&nbsp;R.D.<\/p>\n\n\n\n<p>Lunes, 06 de marzo de 2023&#8230;<\/p>\n\n\n\n<p><\/p>\n","protected":false},"excerpt":{"rendered":"<p>Archivo: SAN CRIST\u00d3BAL, Rep\u00fablica Dominicana.-\u00a0El Tribunal Colegiado de este distrito judicial dict\u00f3 10 de prisi\u00f3n en contra de un hombre que intent\u00f3 asesinar a pu\u00f1aladas a su pareja, en un hecho ocurrido en julio del 2018 en los Bajos de Haina, San Crist\u00f3bal. El tribunal, presidido por la jueza Biulkys Milan\u00e9s Balbuena, dict\u00f3 la sentencia [&hellip;]<\/p>\n","protected":false},"author":28,"featured_media":351958,"comment_status":"closed","ping_status":"","sticky":true,"template":"","format":"standard","meta":{"footnotes":""},"categories":[24,29,27],"tags":[],"class_list":["post-421562","post","type-post","status-publish","format-standard","has-post-thumbnail","hentry","category-justicia-y-derecho","category-policiasucesos","category-portada"],"_links":{"self":[{"href":"https:\/\/diariodominicano.com\/index.php?rest_route=\/wp\/v2\/posts\/421562","targetHints":{"allow":["GET"]}}],"collection":[{"href":"https:\/\/diariodominicano.com\/index.php?rest_route=\/wp\/v2\/posts"}],"about":[{"href":"https:\/\/diariodominicano.com\/index.php?rest_route=\/wp\/v2\/types\/post"}],"author":[{"embeddable":true,"href":"https:\/\/diariodominicano.com\/index.php?rest_route=\/wp\/v2\/users\/28"}],"replies":[{"embeddable":true,"href":"https:\/\/diariodominicano.com\/index.php?rest_route=%2Fwp%2Fv2%2Fcomments&post=421562"}],"version-history":[{"count":1,"href":"https:\/\/diariodominicano.com\/index.php?rest_route=\/wp\/v2\/posts\/421562\/revisions"}],"predecessor-version":[{"id":421566,"href":"https:\/\/diariodominicano.com\/index.php?rest_route=\/wp\/v2\/posts\/421562\/revisions\/421566"}],"wp:featuredmedia":[{"embeddable":true,"href":"https:\/\/diariodominicano.com\/index.php?rest_route=\/wp\/v2\/media\/351958"}],"wp:attachment":[{"href":"https:\/\/diariodominicano.com\/index.php?rest_route=%2Fwp%2Fv2%2Fmedia&parent=421562"}],"wp:term":[{"taxonomy":"category","embeddable":true,"href":"https:\/\/diariodominicano.com\/index.php?rest_route=%2Fwp%2Fv2%2Fcategories&post=421562"},{"taxonomy":"post_tag","embeddable":true,"href":"https:\/\/diariodominicano.com\/index.php?rest_route=%2Fwp%2Fv2%2Ftags&post=421562"}],"curies":[{"name":"wp","href":"https:\/\/api.w.org\/{rel}","templated":true}]}}