{"id":421526,"date":"2023-03-06T13:26:33","date_gmt":"2023-03-06T17:26:33","guid":{"rendered":"http:\/\/diariodominicano.com\/?p=421526"},"modified":"2023-03-06T13:27:34","modified_gmt":"2023-03-06T17:27:34","slug":"policia-en-santiago-recupera-seis-vehiculos-sustraidos-a-sus-propietarios","status":"publish","type":"post","link":"https:\/\/diariodominicano.com\/?p=421526","title":{"rendered":"Polic\u00eda en Santiago reporta recupera seis veh\u00edculos sustra\u00eddos a sus propietarios"},"content":{"rendered":"\n<p><\/p>\n\n\n\n<figure class=\"wp-block-image size-full\"><img loading=\"lazy\" decoding=\"async\" width=\"289\" height=\"218\" src=\"https:\/\/diariodominicano.com\/wp-content\/uploads\/2023\/03\/image.png\" alt=\"\" class=\"wp-image-421530\"\/><\/figure>\n\n\n\n<p><strong>Santiago de los caballeros, 6 de Marzo 2023.-<\/strong>\u00a0Durante el fin de semana, agentes policiales pertenecientes a la Divisi\u00f3n de Veh\u00edculos Robados de esta dotaci\u00f3n policial, recuperaron cinco veh\u00edculos, reportados como sustra\u00eddos por sus propietarios en diferentes sectores de la  provincia Santiago, inform\u00f3 el lunes la Direcci\u00f3n Regional Cibao Central, PN .<\/p>\n\n\n\n<p>Entre los veh\u00edculos recuperados y localizados figura el carro marca Toyota, modelo Corolla, color morado, a\u00f1o 1993, placa A239022, chasis 2T1AE09E9PC033051, en la calle principal de Cienfuegos, el mismo fue denunciado como robado mediante descuido el pasado 3 de este mes por el se\u00f1or Fabiel Antonio Dom\u00ednguez Ventura.<\/p>\n\n\n\n<p>Otro autom\u00f3vil localizado es el&nbsp;&nbsp;marca Kia, modelo K5, color gris, a\u00f1o 2015, placa No. A867296, chasis No. KNAGN418BFA554545, el mismo al ser depurado en nuestro sistema, figura con denuncia robado el 17-05-2020, mediante descuido, interpuesta por el se\u00f1or Luis Daniel Restituyo S\u00e1nchez, mientras lo dejo estacionado en la calle Jiminian, sector Reparto Yuna.<\/p>\n\n\n\n<figure class=\"wp-block-image size-full\"><img loading=\"lazy\" decoding=\"async\" width=\"269\" height=\"203\" src=\"https:\/\/diariodominicano.com\/wp-content\/uploads\/2023\/03\/carro-uno.png\" alt=\"\" class=\"wp-image-421531\"\/><\/figure>\n\n\n\n<p>El  veh\u00edculo al\u00a0\u00a0ser localizado posee la placa No. A287049, perteneciente al carro marca Chevrolet, a\u00f1o 1991, color gris, chasis 1G1BN53EXMR101393, que fue recuperado en la calle tercera, barrio el Golfo, del sector pont\u00f3n del municipio Navarrete, dejado abandonado por un hombre identificado como Miguel, apodado Pataruco\u00a0\u00a0pr\u00f3fugo.<\/p>\n\n\n\n<p>Adem\u00e1s fue recuperado&nbsp;&nbsp;en la calle principal pr\u00f3ximo al jard\u00edn bot\u00e1nico del&nbsp;&nbsp;sector Jacagua, el veh\u00edculo marca Hyundai, modelo Sonata color gris, placa A908536, chasis No. KMHE341DBFA137414, con denuncia mediante atraco el pasado s\u00e1bado 4 de este mes en curso, al se\u00f1or Yordyn Manuel de Le\u00f3n Cabrera.<\/p>\n\n\n\n<figure class=\"wp-block-image size-full\"><img loading=\"lazy\" decoding=\"async\" width=\"287\" height=\"216\" src=\"https:\/\/diariodominicano.com\/wp-content\/uploads\/2023\/03\/carro-2.png\" alt=\"\" class=\"wp-image-421533\"\/><\/figure>\n\n\n\n<p>Tambi\u00e9n fue localizado el carro marca Toyota, modelo Corolla&nbsp;&nbsp;DX, color verde, a\u00f1o 1996, placa No. A203236, chasis No. 2T1BB02E0TC152284, robado el pasado s\u00e1bado por&nbsp;&nbsp;descuido interpuesta por la se\u00f1ora Alfa Mary Tejada Rodr\u00edguez.<\/p>\n\n\n\n<p>En Cienfuegos fue recuperada la motocicleta marca Honda, modelo C-50, a\u00f1o 1994, color azul, placa K1299287, chasis No. AA011066060, el cual presenta denuncia como sustra\u00edda el viernes 3 mediante atraco, interpuesta por el&nbsp;&nbsp;se\u00f1or Melvin Antonio Ferm\u00edn Santos.<\/p>\n\n\n\n<p>Todos los veh\u00edculos recuperados, se encuentran en la Divisi\u00f3n de Veh\u00edculos Robados de esta jurisdicci\u00f3n para ser entregados a sus propietarios.<\/p>\n\n\n\n<p>policia nacional<a target=\"_blank\" href=\"mailto:npolicia14@gmail.com\" rel=\"noreferrer noopener\">npolicia14@gmail.com<\/a><\/p>\n\n\n\n<p><strong>SUBDIRECCION DE COMUNICACIONES ESTRATEGICAS DE LA POLICIA NACIONAL, DIRECCI\u00d3N REGIONAL CIBAO CENTRAL.<\/strong><\/p>\n","protected":false},"excerpt":{"rendered":"<p>Santiago de los caballeros, 6 de Marzo 2023.-\u00a0Durante el fin de semana, agentes policiales pertenecientes a la Divisi\u00f3n de Veh\u00edculos Robados de esta dotaci\u00f3n policial, recuperaron cinco veh\u00edculos, reportados como sustra\u00eddos por sus propietarios en diferentes sectores de la provincia Santiago, inform\u00f3 el lunes la Direcci\u00f3n Regional Cibao Central, PN . Entre los veh\u00edculos recuperados [&hellip;]<\/p>\n","protected":false},"author":28,"featured_media":421529,"comment_status":"closed","ping_status":"","sticky":true,"template":"","format":"standard","meta":{"footnotes":""},"categories":[29,27],"tags":[],"class_list":["post-421526","post","type-post","status-publish","format-standard","has-post-thumbnail","hentry","category-policiasucesos","category-portada"],"_links":{"self":[{"href":"https:\/\/diariodominicano.com\/index.php?rest_route=\/wp\/v2\/posts\/421526","targetHints":{"allow":["GET"]}}],"collection":[{"href":"https:\/\/diariodominicano.com\/index.php?rest_route=\/wp\/v2\/posts"}],"about":[{"href":"https:\/\/diariodominicano.com\/index.php?rest_route=\/wp\/v2\/types\/post"}],"author":[{"embeddable":true,"href":"https:\/\/diariodominicano.com\/index.php?rest_route=\/wp\/v2\/users\/28"}],"replies":[{"embeddable":true,"href":"https:\/\/diariodominicano.com\/index.php?rest_route=%2Fwp%2Fv2%2Fcomments&post=421526"}],"version-history":[{"count":3,"href":"https:\/\/diariodominicano.com\/index.php?rest_route=\/wp\/v2\/posts\/421526\/revisions"}],"predecessor-version":[{"id":421536,"href":"https:\/\/diariodominicano.com\/index.php?rest_route=\/wp\/v2\/posts\/421526\/revisions\/421536"}],"wp:featuredmedia":[{"embeddable":true,"href":"https:\/\/diariodominicano.com\/index.php?rest_route=\/wp\/v2\/media\/421529"}],"wp:attachment":[{"href":"https:\/\/diariodominicano.com\/index.php?rest_route=%2Fwp%2Fv2%2Fmedia&parent=421526"}],"wp:term":[{"taxonomy":"category","embeddable":true,"href":"https:\/\/diariodominicano.com\/index.php?rest_route=%2Fwp%2Fv2%2Fcategories&post=421526"},{"taxonomy":"post_tag","embeddable":true,"href":"https:\/\/diariodominicano.com\/index.php?rest_route=%2Fwp%2Fv2%2Ftags&post=421526"}],"curies":[{"name":"wp","href":"https:\/\/api.w.org\/{rel}","templated":true}]}}