{"id":421396,"date":"2023-03-06T01:11:08","date_gmt":"2023-03-06T05:11:08","guid":{"rendered":"http:\/\/diariodominicano.com\/?p=421396"},"modified":"2023-03-06T01:11:08","modified_gmt":"2023-03-06T05:11:08","slug":"el-dia-que-nacio-jose-francisco-pena-gomez-2","status":"publish","type":"post","link":"https:\/\/diariodominicano.com\/?p=421396","title":{"rendered":"El d\u00eda que naci\u00f3 Jos\u00e9 Francisco Pe\u00f1a G\u00f3mez"},"content":{"rendered":"\n<p class=\"wp-block-paragraph\">Por HTN<\/p>\n\n\n\n<p class=\"wp-block-paragraph\">Diariodominicano.com<\/p>\n\n\n\n<p class=\"wp-block-paragraph\"><\/p>\n\n\n\n<p class=\"wp-block-paragraph\">LOMA DEL FLACO, Mao, &nbsp;el 6 de marzo de 1937, naci\u00f3 en la Loma del Flaco, Mao, Jos\u00e9 Francisco Pe\u00f1a G\u00f3mez, quien se destac\u00f3 como pol\u00edtico y orador.<\/p>\n\n\n\n<p class=\"wp-block-paragraph\">\u00a0\u00a0\u00a0 De \u00a0adolescente trabaj\u00f3 como profesor y  se form\u00f3 como locutor. Luego ingres\u00f3 a la Universidad Aut\u00f3noma de Santo Domingo y se gradu\u00f3 de doctor en derecho.<\/p>\n\n\n\n<p class=\"wp-block-paragraph\">&nbsp;&nbsp;&nbsp; Curs\u00f3 estudios de postgrado en Francia y fue presidente de la Internacional Socialista para Am\u00e9rica Latina.<\/p>\n\n\n\n<p class=\"wp-block-paragraph\">&nbsp;&nbsp;&nbsp; En 1961, cuando vino al pa\u00eds la primera Comisi\u00f3n del PRD, se integr\u00f3 a esa organizaci\u00f3n, donde se convirti\u00f3 en el principal l\u00edder pol\u00edtico que hab\u00eda tenido el pa\u00eds luego de la ca\u00edda de la dictadura de Trujillo.<\/p>\n\n\n\n<p class=\"wp-block-paragraph\">\u00a0\u00a0\u00a0\u00a0 El 24 de abril de 1965, \u00a0Pe\u00f1a fue el dirigente del PRD que le anunci\u00f3 al pa\u00eds la ca\u00edda del Gobierno de facto  del Triunvirato que encabezaba el doctor Donald Reid Cabral.<\/p>\n\n\n\n<p class=\"wp-block-paragraph\">&nbsp;&nbsp;&nbsp; El 24 de abril de 1965, le toc\u00f3 la oportunidad hist\u00f3rica de llamar el pueblo a salir a la calle a defender la Constitucionalidad, traicionada por sectores conservadores que derrocaron el Gobierno Constitucional que encabez\u00f3 el profesor Juan Bosch, el 25 de septiembre de 1963.<\/p>\n\n\n\n<p class=\"wp-block-paragraph\">&nbsp;&nbsp; A partir de 1973, cuando el profesor&nbsp; Bosch renunci\u00f3 a su cargo y militancia, del PRD, &nbsp;Pe\u00f1a G\u00f3mez tom\u00f3 el liderazgo de la organizaci\u00f3n.<\/p>\n\n\n\n<p class=\"wp-block-paragraph\">&nbsp;&nbsp;&nbsp; Entre las funciones p\u00fablicas que desempe\u00f1\u00f3 figura el cargo de s\u00edndico del Distrito Nacional durante el per\u00edodo 1982-1986.<\/p>\n\n\n\n<p class=\"wp-block-paragraph\">Pe\u00f1a G\u00f3mez muri\u00f3 el 10 de mayo de 1998, afectado de c\u00e1ncer.&nbsp;&nbsp;&nbsp; En ese momento era el candidato a s\u00edndico del PRD, en el Distrito Nacional.<\/p>\n\n\n\n<p class=\"wp-block-paragraph\">&nbsp;&nbsp;&nbsp; Su fallecimiento dio lugar a un duelo nacional.<\/p>\n","protected":false},"excerpt":{"rendered":"<p>Por HTN Diariodominicano.com LOMA DEL FLACO, Mao, &nbsp;el 6 de marzo de 1937, naci\u00f3 en la Loma del Flaco, Mao, Jos\u00e9 Francisco Pe\u00f1a G\u00f3mez, quien se destac\u00f3 como pol\u00edtico y orador. \u00a0\u00a0\u00a0 De \u00a0adolescente trabaj\u00f3 como profesor y se form\u00f3 como locutor. Luego ingres\u00f3 a la Universidad Aut\u00f3noma de Santo Domingo y se gradu\u00f3 de [&hellip;]<\/p>\n","protected":false},"author":28,"featured_media":275919,"comment_status":"closed","ping_status":"","sticky":true,"template":"","format":"standard","meta":{"footnotes":""},"categories":[36,26,27],"tags":[],"class_list":["post-421396","post","type-post","status-publish","format-standard","has-post-thumbnail","hentry","category-hombresmujeresycosas","category-efemerides","category-portada"],"_links":{"self":[{"href":"https:\/\/diariodominicano.com\/index.php?rest_route=\/wp\/v2\/posts\/421396","targetHints":{"allow":["GET"]}}],"collection":[{"href":"https:\/\/diariodominicano.com\/index.php?rest_route=\/wp\/v2\/posts"}],"about":[{"href":"https:\/\/diariodominicano.com\/index.php?rest_route=\/wp\/v2\/types\/post"}],"author":[{"embeddable":true,"href":"https:\/\/diariodominicano.com\/index.php?rest_route=\/wp\/v2\/users\/28"}],"replies":[{"embeddable":true,"href":"https:\/\/diariodominicano.com\/index.php?rest_route=%2Fwp%2Fv2%2Fcomments&post=421396"}],"version-history":[{"count":1,"href":"https:\/\/diariodominicano.com\/index.php?rest_route=\/wp\/v2\/posts\/421396\/revisions"}],"predecessor-version":[{"id":421397,"href":"https:\/\/diariodominicano.com\/index.php?rest_route=\/wp\/v2\/posts\/421396\/revisions\/421397"}],"wp:featuredmedia":[{"embeddable":true,"href":"https:\/\/diariodominicano.com\/index.php?rest_route=\/wp\/v2\/media\/275919"}],"wp:attachment":[{"href":"https:\/\/diariodominicano.com\/index.php?rest_route=%2Fwp%2Fv2%2Fmedia&parent=421396"}],"wp:term":[{"taxonomy":"category","embeddable":true,"href":"https:\/\/diariodominicano.com\/index.php?rest_route=%2Fwp%2Fv2%2Fcategories&post=421396"},{"taxonomy":"post_tag","embeddable":true,"href":"https:\/\/diariodominicano.com\/index.php?rest_route=%2Fwp%2Fv2%2Ftags&post=421396"}],"curies":[{"name":"wp","href":"https:\/\/api.w.org\/{rel}","templated":true}]}}