{"id":42137,"date":"2019-09-25T10:10:47","date_gmt":"2019-09-25T10:10:47","guid":{"rendered":"http:\/\/diariodominicano.ddns.net\/?p=42137"},"modified":"2019-09-25T10:10:47","modified_gmt":"2019-09-25T10:10:47","slug":"toma-de-mayor-conciencia","status":"publish","type":"post","link":"https:\/\/diariodominicano.com\/?p=42137","title":{"rendered":"&#13;TOMA DE MAYOR CONCIENCIA"},"content":{"rendered":"<p><body><\/p>\n<p>EN PRIMERA FILA<\/p>\n<\/p>\n<p>TOMA DE MAYOR CONCIENCIA<\/p>\n<p>Mario Rivadulla<\/p>\n<\/p>\n<p>Este lunes tuvo lugar en Nueva York una nueva Cumbre sobre el Cambio Clim\u00e1tico, convocado por las Naciones Unidas. Su secretario general, Antonio Guterres, al invitar a los l\u00edderes de las naciones participantes les urgi\u00f3 a  que llevasen planes concretos y realistas a fin de mejorar sus contribuciones al programa contra el calentamiento global. El evento no solo reuni\u00f3 gobiernos. En el participaron tambi\u00e9n representantes del sector privado, la sociedad civil y organizaciones internacionales involucradas en la campa\u00f1a.  Notoria la ausencia de los Estados Unidos, cuyo gobierno se retir\u00f3 del llamado \u00abAcuerdo de Par\u00eds\u00bb.<\/p>\n<\/p>\n<p>El registro de los efectos del cambio clim\u00e1tico en estos \u00faltimos cuatro a\u00f1os no pueden ser mas alertadores de la gravedad del problema.  Los dominicanos hemos tenido que soportar los veranos mas calurosos, en tanto las temperaturas \u00e1rticas han aumentado tres grados desde 1990. <\/p>\n<\/p>\n<p>Los niveles del mar contin\u00faan subiendo en tanto desaparecen los arrecifes de coral.  Y ya algunas ciudades costeras como Miami hay adoptado previsoramente regulaciones para elevar la altura de inicio de las nuevas construcciones a partir del suelo.  En nuestro caso, la importante industria tur\u00edstica pudiera resultar seriamente afectada al invadir las aguas y reducir parte del litoral playero, que es uno de los atractivos que ofrece el  sector hotelero.<\/p>\n<\/p>\n<p>Los efectos negativos se han comenzado a extender y se agudizar\u00e1n en la salud de la poblaci\u00f3n a consecuencia de la contaminaci\u00f3n del aire, las olas de creciente calor, los da\u00f1os a la agricultura, y por consiguiente, afectando la producci\u00f3n de alimentos que demanda la poblaci\u00f3n mundial en continuo aumento y  gran n\u00famero de pa\u00edses  cada vez con mayores expectativas de vida, gracias a los avances de la Ciencia M\u00e9dica, la prevenci\u00f3n, los tratamientos curativos y el desarrollo de medicamentos cada vez mas potentes y efectivos. <\/p>\n<\/p>\n<p>El pasado a\u00f1o la adolescente sueca de apenas quince, Greta Thunberg se par\u00f3 frente al Parlamento de su pa\u00eds portando una pancarta para reclamar acciones m\u00e1s aceleradas y eficaces a fin de enfrentar el desaf\u00edo del cambio clim\u00e1tico y lanzando la idea de una movilizaci\u00f3n mundial bajo la consigna de un \u00abViernes por el futuro\u00bb. <\/p>\n<\/p>\n<p>La propuesta encontr\u00f3 pronto y amplio eco.  Atendiendo a su llamado este pasado viernes millones de personas en m\u00e1s de cinco mil localidades de 137 pa\u00edses llevaron a cabo una vigilia reclamando acciones m\u00e1s en\u00e9rgicas y aceleradas para enfrentar el problema y prevenir sus efectos, o al menos reducir su impacto. <\/p>\n<\/p>\n<p>La joven estudiante sueca, cuya adolescente figura ya ha cobrado renombre internacional, estuvo presente en el inicio de la Cumbre, ocupando la tribuna desde la cual dirigi\u00f3 una admonitoria alocuci\u00f3n a los participantes, advirti\u00e9ndoles \u00abNo les permitiremos salir de esto.  Este es el momento en que trazamos el l\u00edmite\u00bb. <\/p>\n<\/p>\n<p>\u00bfQu\u00e9 repercusi\u00f3n tuvo entre nosotros   que figuramos en la lista de diez pa\u00edses que corremos mayor riesgo de resultar afectados, la convocatoria al \u00abViernes por el futuro\u00bb?  Apenas unas pocas decenas de j\u00f3venes en Santiago se sumaron a la campa\u00f1a, en tanto en la capital y el resto del pa\u00eds nadie se dio por enterado.  La misma sexta versi\u00f3n del evento organizado por la Uni\u00f3n Europea, varias embajadas extranjeras , Aro y Pedal y el INTRANT exhortando al uso de medios alternativos de transporte para reducir las emanaciones de los veh\u00edculos de motor, apenas reuni\u00f3 unas escasas docenas de ciclistas y no tuvo mayor repercusi\u00f3n.<\/p>\n<\/p>\n<p> Cierto que por otra parte con relativa frecuencia,  personal voluntario de empresas e instituciones llevan a cabo jornadas de reforestaci\u00f3n  y que existen grupos organizados que muestran una celosa preocupaci\u00f3n por el medio ambiente.  Pero se trata de esfuerzos aislados, en tanto todav\u00eda estamos muy lejos de haber tomado conciencia colectiva  sobre  la necesidad de controlar las emisiones nocivas a la capa de ozono, y de llevar a cabo una estrategia consistente de acciones permanentes que normen el comportamiento ciudadano  para preservar nuestros recursos naturales y hacer uso racional de los mismos.<\/p>\n<\/p>\n<p>As\u00ed no cuidamos las fuentes acu\u00edferas, pero adem\u00e1s hacemos uso dispendioso del agua.  Seguimos con la quema y el desmonte de \u00e1reas protegidas para hacer carb\u00f3n, desarrollar sembrados y criar ganado.  Contaminamos y secamos r\u00edos y arroyos. Ensuciamos playas y balnearios obligando a peri\u00f3dicas jornadas masivas de limpieza como este pasado s\u00e1bado.  Las aguas del Isabela y Ozama arrastran y suman a su paso toneladas de basura.  Las numerosas industrias que los contaminan con sus vertidos y desperdicios qu\u00edmicos se burlan impunemente de la obligaci\u00f3n de instalar filtros y plantas de tratamiento.  Y convertimos la entrada al puerto en un gigantesco basurero de desperdicios pl\u00e1sticos.  A lo anterior sumamos casi cuatrocientos vertederos a cielo abierto contaminando el aire que respiramos.<\/p>\n<\/p>\n<p>La conclusi\u00f3n es que en tanto el cambio clim\u00e1tico sigue  avanzando no marchamos al mismo paso de advertir el riesgo de los sobradamente advertidos perjuicios que trae aparejados, mientras en cambio todav\u00eda mostramos un preocupante retraso en asumir el mucho mayor grado de conciencia que exige prevenir sus efectos, agravados en nuestro caso por el lamentable estado de depredaci\u00f3n natural que exhibe el territorio al otro lado de la isla. <\/p>\n<\/p>\n<\/p>\n<\/p>\n<h6> 2019-09-25 10:10:47 <\/h6>\n<p><!--\n<link rel=\"stylesheet\" href=\"css\/bootstrap.min.css\">\n\n\n<ul class=\"pagination\">\n\t    \n\t\n\n<li >\n\t<a href='?page_no=517'>Previous<\/a>\n\t<\/li>\n\n\n       \n    \n\n<li><a href='?page_no=1'>1<\/a><\/li>\n\n\n\n<li><a href='?page_no=2'>2<\/a><\/li>\n\n\n\n<li><a>...<\/a><\/li>\n\n\n\n<li><a href='?page_no=516'>516<\/a><\/li>\n\n\n\n<li><a href='?page_no=517'>517<\/a><\/li>\n\n\n\n<li class='active'><a>518<\/a><\/li>\n\n\n\n<li><a href='?page_no=519'>519<\/a><\/li>\n\n\n\n<li><a href='?page_no=520'>520<\/a><\/li>\n\n\n\n<li><a>...<\/a><\/li>\n\n\n\n<li><a href='?page_no=13611'>13611<\/a><\/li>\n\n\n\n<li><a href='?page_no=13612'>13612<\/a><\/li>\n\n    \n\t\n\n<li >\n\t<a href='?page_no=519'>Next<\/a>\n\t<\/li>\n\n\n    \n\n<li><a href='?page_no=13612'>Last &rsaquo;&rsaquo;<\/a><\/li>\n\n<\/ul>\n\n\n--><br \/>\n<\/body><\/p>\n","protected":false},"excerpt":{"rendered":"<p>EN PRIMERA FILA TOMA DE MAYOR CONCIENCIA Mario Rivadulla Este lunes tuvo lugar en Nueva York una nueva Cumbre sobre el Cambio Clim\u00e1tico, convocado por las Naciones Unidas. Su secretario general, Antonio Guterres, al invitar a los l\u00edderes de las naciones participantes les urgi\u00f3 a que llevasen planes concretos y realistas a fin de mejorar [&hellip;]<\/p>\n","protected":false},"author":3,"featured_media":0,"comment_status":"open","ping_status":"open","sticky":false,"template":"","format":"standard","meta":{"footnotes":""},"categories":[16],"tags":[],"class_list":["post-42137","post","type-post","status-publish","format-standard","hentry","category-opiniones"],"_links":{"self":[{"href":"https:\/\/diariodominicano.com\/index.php?rest_route=\/wp\/v2\/posts\/42137","targetHints":{"allow":["GET"]}}],"collection":[{"href":"https:\/\/diariodominicano.com\/index.php?rest_route=\/wp\/v2\/posts"}],"about":[{"href":"https:\/\/diariodominicano.com\/index.php?rest_route=\/wp\/v2\/types\/post"}],"author":[{"embeddable":true,"href":"https:\/\/diariodominicano.com\/index.php?rest_route=\/wp\/v2\/users\/3"}],"replies":[{"embeddable":true,"href":"https:\/\/diariodominicano.com\/index.php?rest_route=%2Fwp%2Fv2%2Fcomments&post=42137"}],"version-history":[{"count":0,"href":"https:\/\/diariodominicano.com\/index.php?rest_route=\/wp\/v2\/posts\/42137\/revisions"}],"wp:attachment":[{"href":"https:\/\/diariodominicano.com\/index.php?rest_route=%2Fwp%2Fv2%2Fmedia&parent=42137"}],"wp:term":[{"taxonomy":"category","embeddable":true,"href":"https:\/\/diariodominicano.com\/index.php?rest_route=%2Fwp%2Fv2%2Fcategories&post=42137"},{"taxonomy":"post_tag","embeddable":true,"href":"https:\/\/diariodominicano.com\/index.php?rest_route=%2Fwp%2Fv2%2Ftags&post=42137"}],"curies":[{"name":"wp","href":"https:\/\/api.w.org\/{rel}","templated":true}]}}