{"id":42126,"date":"2019-09-25T23:42:19","date_gmt":"2019-09-25T23:42:19","guid":{"rendered":"http:\/\/diariodominicano.ddns.net\/?p=42126"},"modified":"2019-09-25T23:42:19","modified_gmt":"2019-09-25T23:42:19","slug":"grito-en-la-onu-el-colapso-mundial","status":"publish","type":"post","link":"https:\/\/diariodominicano.com\/?p=42126","title":{"rendered":"Grito en la ONU: \u00bfEl Colapso Mundial?"},"content":{"rendered":"<p><body><\/p>\n<p><strong>Manuel D\u00edaz Aponte<\/strong><\/p>\n<\/p>\n<p>\u00bfSon el Cambio Clim\u00e1tico y las Migraciones dos de los principales problemas que afronta hoy la humanidad?   Probablemente las dos urgencias primarias de la especie humana.  <\/p>\n<\/p>\n<p>Hay conciencia de ello entre los j\u00f3venes provenientes de distintas naciones que arribaron a la sede de la Organizaci\u00f3n de las Naciones Unidas (ONU) para expresar su repudio a la destrucci\u00f3n del mundo.    <\/p>\n<\/p>\n<p>Greta Thunberg, es una entre millones de seres humanos que alrededor del planeta piden a grito salvarlo, pero ella no est\u00e1 sola. Detr\u00e1s hay millares de instituciones y ciudadanos que demandan acciones concretas para frenar el aceleramiento del calentamiento global, descongelamiento de los glaciales y la desaparici\u00f3n de la flora y fauna.<\/p>\n<\/p>\n<p>Esta joven sueca ha tenido el valor de emprender un largo periplo exigiendo al liderazgo mundial adoptar medidas urgentes que eviten la muerte definitiva de nuestro planeta.<\/p>\n<\/p>\n<p>El grito de la activista europea se dej\u00f3 sentir en la inauguraci\u00f3n de la Cumbre sobre la Acci\u00f3n Clim\u00e1tica en la sede de la Organizaci\u00f3n de las Naciones Unidas (ONU), en Nueva York.<\/p>\n<\/p>\n<p>Con ella estuvo el secretario general del organismo mundial, Antonio Guterres, donde ambos formularon un dram\u00e1tico llamado de transformaci\u00f3n radical para detener el cambio clim\u00e1tico.<\/p>\n<\/p>\n<p>\u00abEstamos al principio de una extinci\u00f3n y ustedes solo hablan de dinero y de cuentos de hadas de eterno crecimiento econ\u00f3mico\u00bb, retumb\u00f3 Greta con un aplauso cerrado de los asistentes a este evento mundial.  <\/p>\n<\/p>\n<p>Son palabras mayores expuestas por una jovencita muy inteligente que ha captado la atenci\u00f3n del poder medi\u00e1tico internacional, y que golpean con fuerza las mentes y rostros de los burocr\u00e1ticos y lobistas mundiales inspirados por cifras de crecimientos maquilladas y manipuladas.<\/p>\n<p><strong>Los Jefes de Estado<\/strong><\/p>\n<\/p>\n<p>Los discursos de los mandatarios en la Asamblea General de la ONU, abordaron diversas tem\u00e1ticas sobresaliendo los desaf\u00edos del medio ambiente; los continuos cambios clim\u00e1ticos, los incendios forestales en la Amazonia, la crisis de Venezuela, migraciones, situaci\u00f3n pol\u00edtica en el Medio Oriente, la tensa relaci\u00f3n de Estado Unidos-Ir\u00e1n, el comercio mundial, entre otros.<\/p>\n<\/p>\n<p>Los presidentes de Brasil, Jair Bolsonaro y Donald Trump, de Estados Unidos, fueron los primeros en agotar sus respectivos 15 minutos en el podio de la ONU.<\/p>\n<\/p>\n<p>Ambos reivindicaron el nacionalismo en su estilo de gobierno y tambi\u00e9n fustigaron a las corrientes socialistas as\u00ed como tambi\u00e9n a la globalizaci\u00f3n.<\/p>\n<\/p>\n<p>\u00abMi gobierno tiene un compromiso solemne con la preservaci\u00f3n del medio ambiente y del desarrollo sustentable en beneficio de Brasil y del mundo. Brasil es uno de los pa\u00edses m\u00e1s ricos en biodiversidad y riquezas minerales\u00bb, expres\u00f3 Bolsonaro.<\/p>\n<\/p>\n<p>Neg\u00f3 que la Amazonia est\u00e9 siendo devastada y culp\u00f3 a grupos ecologistas y medios de comunicaci\u00f3n internacional de auspiciar una campa\u00f1a de descr\u00e9dito contra la imagen de Brasil en el exterior.<\/p>\n<\/p>\n<p>A seguidas el gobernante brasile\u00f1o observ\u00f3 que es \u00abuna falacia decir que la Amazonia es un patrimonio de la humanidad y un equ\u00edvoco, como atestiguan los cient\u00edficos, afirmar que nuestra floresta es el pulm\u00f3n del mundo\u00bb.     <\/p>\n<\/p>\n<p>Bolsonaro volvi\u00f3 a reivindicar el leg\u00edtimo derecho de los brasile\u00f1os sobre la extensi\u00f3n de la Amazonia, y desminti\u00f3 que haya una persecuci\u00f3n contra la poblaci\u00f3n ind\u00edgena la que dijo tiene el control del 14% del territorio de la naci\u00f3n suramericana.<\/p>\n<\/p>\n<p>Actualmente hay en Brasil 225 pueblos ind\u00edgenas y setenta tribus esparcidos en distingos lugares.<\/p>\n<p><strong>Los Patriotas de Trump<\/strong><\/p>\n<\/p>\n<p>\u00abEl futuro pertenece a los patriotas, no a los globalistas\u00bb, dijo el presidente Donald Trump, dejando de lado la problem\u00e1tica del calentamiento global que ha ignorado desde que su administraci\u00f3n abandon\u00f3 el acuerdo de Paris sobre el Cambio Clim\u00e1tico.<\/p>\n<\/p>\n<p>Esta iniciativa suscrita por 195 pa\u00edses en el 2015, incluido Estados Unidos y China, las dos naciones que mayores emisiones de gases de efecto invernadero colocan en la atm\u00f3sfera, busca reducir las altas temperaturas en el planeta.   <\/p>\n<\/p>\n<p>En su alocuci\u00f3n en la Asamblea General de la ONU, Trump trat\u00f3 temas de pol\u00edtica exterior relacionados a China, Ir\u00e1n, Venezuela y Corea del Norte.<\/p>\n<\/p>\n<p>Dijo que la migraci\u00f3n sin control y la fragilidad de los dispositivos fronterizos amenazan la soberan\u00eda y seguridad de todas las naciones.   <\/p>\n<\/p>\n<p>Reiter\u00f3 cr\u00edticas hacia la Organizaci\u00f3n Mundial del Comercio entendiendo que otorga un tratamiento preferencial hacia la econom\u00eda de la Rep\u00fablica Popular de China.<\/p>\n<\/p>\n<p><strong>Agenda Incumplida<\/strong><\/p>\n<\/p>\n<p>En el 2015 las naciones adoptaron a unanimidad la Agenda 2030 para el Desarrollo Sostenible, sin embargo, muy pocos han cumplido cabalmente con dicho compromiso.<\/p>\n<\/p>\n<p>Apenas faltando una d\u00e9cada para arribar a la meta fijada estamos contemplando un deterioro m\u00e1s acelerado del clima, trayendo un incremento de las temperaturas a niveles pr\u00e1cticamente insostenibles e inaguantables para la vida humana, la flora y fauna.<\/p>\n<\/p>\n<p>Alrededor del globo terr\u00e1queo los incendios forestales han proliferado arrasando con millares de hect\u00e1reas de bosques y parques conservacionistas de especies en extinci\u00f3n,       dejando un panorama desolador y preocupante. Los casos recientes en Brasil y Bolivia, en el Cono Sur de Am\u00e9rica, son elocuentes.<\/p>\n<\/p>\n<p>El incremento de sismos, maremotos y crecidas de los mares est\u00e1 vinculado a descomposici\u00f3n del sistema ecol\u00f3gico mundial.<\/p>\n<\/p>\n<p>A finales de 1992, 1,700 cient\u00edficos suscribieron una contundente comunicaci\u00f3n con el t\u00edtulo: \u00abAviso a la Humanidad\u00bb, en la que alertaban de que estamos llevando a la naturaleza a unos l\u00edmites que pronto serian irrecuperables.<\/p>\n<\/p>\n<p>Ahora son 15.365 los cient\u00edficos que pronostican una masiva extinci\u00f3n del planeta tierra, y citan las medidas preventivas urgentes que hay que adoptar. Entre otras, promover cambios en la dieta para aumentar la ingesta de vegetales y reducir las carnes; disminuir el desperdicio de alimentos, reducir las tasas de fecundidad de la poblaci\u00f3n y equilibrar los recursos para mejorar las condiciones de vida de las localidades m\u00e1s empobrecidas.          <\/p>\n<p><strong>\u00bfHacia el Precipicio?<\/strong><\/p>\n<\/p>\n<p>La nueva carta de los cient\u00edficos preocupados por la humanidad dice que la deforestaci\u00f3n, desaparici\u00f3n masiva de las especies animal y vegetal, contaminaci\u00f3n de las aguas, destrucci\u00f3n de la capa de ozono y la p\u00e9rdida de suelo f\u00e9rtil y de los recursos pesqueros ir\u00e1n en aumento imposibilitando el habitad del hombre en la tierra.<\/p>\n<\/p>\n<p>Mientras en la ONU seguir\u00e1n los discursos de los l\u00edderes mundiales cargados de emotividad, pero carente de la aplicaci\u00f3n de medidas pr\u00e1cticas inmediatas que nos permitan librarnos a todos de una desgracia universal.<\/p>\n<p><strong> El autor  es periodista<\/strong><\/p>\n<\/p>\n<h6> 2019-09-25 23:42:19 <\/h6>\n<p><!--\n<link rel=\"stylesheet\" href=\"css\/bootstrap.min.css\">\n\n\n<ul class=\"pagination\">\n\t    \n\t\n\n<li >\n\t<a href='?page_no=516'>Previous<\/a>\n\t<\/li>\n\n\n       \n    \n\n<li><a href='?page_no=1'>1<\/a><\/li>\n\n\n\n<li><a href='?page_no=2'>2<\/a><\/li>\n\n\n\n<li><a>...<\/a><\/li>\n\n\n\n<li><a href='?page_no=515'>515<\/a><\/li>\n\n\n\n<li><a href='?page_no=516'>516<\/a><\/li>\n\n\n\n<li class='active'><a>517<\/a><\/li>\n\n\n\n<li><a href='?page_no=518'>518<\/a><\/li>\n\n\n\n<li><a href='?page_no=519'>519<\/a><\/li>\n\n\n\n<li><a>...<\/a><\/li>\n\n\n\n<li><a href='?page_no=13611'>13611<\/a><\/li>\n\n\n\n<li><a href='?page_no=13612'>13612<\/a><\/li>\n\n    \n\t\n\n<li >\n\t<a href='?page_no=518'>Next<\/a>\n\t<\/li>\n\n\n    \n\n<li><a href='?page_no=13612'>Last &rsaquo;&rsaquo;<\/a><\/li>\n\n<\/ul>\n\n\n--><br \/>\n<\/body><\/p>\n","protected":false},"excerpt":{"rendered":"<p>Manuel D\u00edaz Aponte \u00bfSon el Cambio Clim\u00e1tico y las Migraciones dos de los principales problemas que afronta hoy la humanidad? Probablemente las dos urgencias primarias de la especie humana. Hay conciencia de ello entre los j\u00f3venes provenientes de distintas naciones que arribaron a la sede de la Organizaci\u00f3n de las Naciones Unidas (ONU) para expresar [&hellip;]<\/p>\n","protected":false},"author":3,"featured_media":0,"comment_status":"open","ping_status":"open","sticky":false,"template":"","format":"standard","meta":{"footnotes":""},"categories":[16],"tags":[],"class_list":["post-42126","post","type-post","status-publish","format-standard","hentry","category-opiniones"],"_links":{"self":[{"href":"https:\/\/diariodominicano.com\/index.php?rest_route=\/wp\/v2\/posts\/42126","targetHints":{"allow":["GET"]}}],"collection":[{"href":"https:\/\/diariodominicano.com\/index.php?rest_route=\/wp\/v2\/posts"}],"about":[{"href":"https:\/\/diariodominicano.com\/index.php?rest_route=\/wp\/v2\/types\/post"}],"author":[{"embeddable":true,"href":"https:\/\/diariodominicano.com\/index.php?rest_route=\/wp\/v2\/users\/3"}],"replies":[{"embeddable":true,"href":"https:\/\/diariodominicano.com\/index.php?rest_route=%2Fwp%2Fv2%2Fcomments&post=42126"}],"version-history":[{"count":0,"href":"https:\/\/diariodominicano.com\/index.php?rest_route=\/wp\/v2\/posts\/42126\/revisions"}],"wp:attachment":[{"href":"https:\/\/diariodominicano.com\/index.php?rest_route=%2Fwp%2Fv2%2Fmedia&parent=42126"}],"wp:term":[{"taxonomy":"category","embeddable":true,"href":"https:\/\/diariodominicano.com\/index.php?rest_route=%2Fwp%2Fv2%2Fcategories&post=42126"},{"taxonomy":"post_tag","embeddable":true,"href":"https:\/\/diariodominicano.com\/index.php?rest_route=%2Fwp%2Fv2%2Ftags&post=42126"}],"curies":[{"name":"wp","href":"https:\/\/api.w.org\/{rel}","templated":true}]}}