{"id":421039,"date":"2023-03-04T20:43:04","date_gmt":"2023-03-05T00:43:04","guid":{"rendered":"http:\/\/diariodominicano.com\/?p=421039"},"modified":"2023-03-04T20:43:04","modified_gmt":"2023-03-05T00:43:04","slug":"la-fiscalia-de-puerto-plata-logra-30-anos-de-prision-contra-hombre-mato-a-otro-en-un-atraco","status":"publish","type":"post","link":"https:\/\/diariodominicano.com\/?p=421039","title":{"rendered":"La Fiscal\u00eda de Puerto Plata logra 30 a\u00f1os de prisi\u00f3n contra hombre mat\u00f3 a otro en un atraco"},"content":{"rendered":"\n<p><\/p>\n\n\n\n<p><strong>PUERTO PLATA, Rep\u00fablica Dominicana.-<\/strong>\u00a0 La Fiscal\u00eda de Puerto Plata logr\u00f3 una condena de 30 a\u00f1os de prisi\u00f3n en contra de un hombre que le caus\u00f3 la muerte a otro para atracarlo, en un hecho ocurrido el 21 de abril del 2020 en el distrito municipal Cabarete.<\/p>\n\n\n\n<p>El Tribunal Colegiado de Puerto Plata, formado por los jueces Jakayra Veras, Jos\u00e9 Juan Jim\u00e9nez y Venecia Rojas, dict\u00f3 la sentencia condenatoria en contra de Noe Andr\u00e9s Almonte, por provocarle la muerte a Marc Godi.<\/p>\n\n\n\n<p>Los fiscales Maribel Reynoso y Marcos Wilkins D\u00edaz, demostraron ante el tribunal que las acciones de Almonte constituyen una violaci\u00f3n a los art\u00edculos 295, 297, 304, 379 y 382 del C\u00f3digo Penal Dominicano, que tipifican y sancionan el asesinato y robo agravado.<\/p>\n\n\n\n<p>El hecho se produjo cuando Almonte intercept\u00f3 a la v\u00edctima e intent\u00f3 despojarlo de sus pertenencias en el trayecto para llegar a playa Cabarete,<\/p>\n\n\n\n<p>Ante la resistencia de la v\u00edctima, el agresor tom\u00f3 un palo y lo golpe\u00f3 en la cabeza, ocasion\u00e1ndole la muerte y posteriormente procedi\u00f3 a enterrar su cuerpo en la arena.<\/p>\n\n\n\n<p>Tras cometer el hecho, Almonte fue visto desplazandose en la motocicleta, marca honda, modelo Rebel, color negro, Chasis No. VTMJC26A0VE301458, propiedad del occiso, y adem\u00e1s logr\u00f3 vender la m\u00e1quina de la motocicleta en 5 mil 500 pesos.<\/p>\n\n\n\n<p>Las pruebas aportadas por el \u00f3rgano acusador al tribunal incluye el informe de autopsia No. 0285, realizado por el Instituto Nacional de Ciencias Forenses (INACIF), el cual establece que la muerte de Godin se produjo por trauma contuso cervical y craneal severo, muerte violenta, de etimolog\u00eda m\u00e9dico legal homicida.&nbsp;<\/p>\n\n\n\n<p>El tribunal dispuso que el procesado cumpla la sentencia en el Centro de Correcci\u00f3n y Rehabilitaci\u00f3n (CCR) San Felipe de esta provincia.<\/p>\n\n\n\n<p><strong>Direcci\u00f3n General de Comunicaci\u00f3n, Prensa, y RRPP<\/strong><\/p>\n\n\n\n<p>Ministerio P\u00fablico.&nbsp;R.D.<\/p>\n\n\n\n<p>S\u00e1bado, 04 de marzo de 2023<\/p>\n","protected":false},"excerpt":{"rendered":"<p>PUERTO PLATA, Rep\u00fablica Dominicana.-\u00a0 La Fiscal\u00eda de Puerto Plata logr\u00f3 una condena de 30 a\u00f1os de prisi\u00f3n en contra de un hombre que le caus\u00f3 la muerte a otro para atracarlo, en un hecho ocurrido el 21 de abril del 2020 en el distrito municipal Cabarete. El Tribunal Colegiado de Puerto Plata, formado por los [&hellip;]<\/p>\n","protected":false},"author":28,"featured_media":371040,"comment_status":"closed","ping_status":"","sticky":true,"template":"","format":"standard","meta":{"footnotes":""},"categories":[24,29,27],"tags":[],"class_list":["post-421039","post","type-post","status-publish","format-standard","has-post-thumbnail","hentry","category-justicia-y-derecho","category-policiasucesos","category-portada"],"_links":{"self":[{"href":"https:\/\/diariodominicano.com\/index.php?rest_route=\/wp\/v2\/posts\/421039","targetHints":{"allow":["GET"]}}],"collection":[{"href":"https:\/\/diariodominicano.com\/index.php?rest_route=\/wp\/v2\/posts"}],"about":[{"href":"https:\/\/diariodominicano.com\/index.php?rest_route=\/wp\/v2\/types\/post"}],"author":[{"embeddable":true,"href":"https:\/\/diariodominicano.com\/index.php?rest_route=\/wp\/v2\/users\/28"}],"replies":[{"embeddable":true,"href":"https:\/\/diariodominicano.com\/index.php?rest_route=%2Fwp%2Fv2%2Fcomments&post=421039"}],"version-history":[{"count":1,"href":"https:\/\/diariodominicano.com\/index.php?rest_route=\/wp\/v2\/posts\/421039\/revisions"}],"predecessor-version":[{"id":421040,"href":"https:\/\/diariodominicano.com\/index.php?rest_route=\/wp\/v2\/posts\/421039\/revisions\/421040"}],"wp:featuredmedia":[{"embeddable":true,"href":"https:\/\/diariodominicano.com\/index.php?rest_route=\/wp\/v2\/media\/371040"}],"wp:attachment":[{"href":"https:\/\/diariodominicano.com\/index.php?rest_route=%2Fwp%2Fv2%2Fmedia&parent=421039"}],"wp:term":[{"taxonomy":"category","embeddable":true,"href":"https:\/\/diariodominicano.com\/index.php?rest_route=%2Fwp%2Fv2%2Fcategories&post=421039"},{"taxonomy":"post_tag","embeddable":true,"href":"https:\/\/diariodominicano.com\/index.php?rest_route=%2Fwp%2Fv2%2Ftags&post=421039"}],"curies":[{"name":"wp","href":"https:\/\/api.w.org\/{rel}","templated":true}]}}