{"id":421024,"date":"2023-03-04T13:46:13","date_gmt":"2023-03-04T17:46:13","guid":{"rendered":"http:\/\/diariodominicano.com\/?p=421024"},"modified":"2023-03-04T13:48:11","modified_gmt":"2023-03-04T17:48:11","slug":"festival-del-habano-confirma-fortaleza-de-industria-tabacalera-cubana","status":"publish","type":"post","link":"https:\/\/diariodominicano.com\/?p=421024","title":{"rendered":"Festival del Habano confirma fortaleza de industria tabacalera cubana"},"content":{"rendered":"\n<p>La Habana, 4 mar (Prensa Latina) La celebraci\u00f3n del XIII Festival del Habano, que concluy\u00f3 hoy con una recaudaci\u00f3n de m\u00e1s de 11 millones de euros para la salud p\u00fablica cubana, confirm\u00f3 que la cultura e industria tabacalera de la isla es m\u00e1s fuerte que nunca.&nbsp;&nbsp;&nbsp;&nbsp;<\/p>\n\n\n\n<ul class=\"wp-block-list\"><li>marzo 4, 2023<\/li><li>CST10:46 (GMT) -0500<\/li><\/ul>\n\n\n\n<ul class=\"wp-block-list\"><li>Fotos: Jos\u00e9 \u201cTito\u201d Meri\u00f1o<\/li><\/ul>\n\n\n\n<p>Durante una semana, m\u00e1s de mil participantes asistieron a un Seminario Internacional, visitaron plantaciones tabacaleras y recorrieron as f\u00e1bricas Partag\u00e1s y La Corona, entre otros momentos de celebraci\u00f3n y homenaje.<\/p>\n\n\n\n<p>Con la presencia del presidente Miguel D\u00edaz-Canel, la tradicional cena y subasta en el recinto ferial Pabexpo cerr\u00f3 por todo lo alto la XXIII Edici\u00f3n del Festival, que tuvo a la marca Partag\u00e1s como principal homenajeada.<\/p>\n\n\n\n<p>En las primeras horas de la madrugada de este s\u00e1bado, se subastaron seis lotes compuestos por humidores artesanales, uno de ellos firmado por el presidente D\u00edaz-Canel.<\/p>\n\n\n\n<p>Entre los art\u00edculos subastados estuvo un Humidor de la marca H. Upmann, que se vendi\u00f3 por un total de un mill\u00f3n 800 mil euros; uno de Monterrey, por 980 mil euros y uno de Romeo y Julieta, por un un mill\u00f3n 200 mil euros.<\/p>\n\n\n\n<p>Los asistentes tambi\u00e9n pujaron por un humidor de la marca Montecristo, que alcanz\u00f3 un precio 440 mil euros, y uno de la marca Partag\u00e1s, a la que estuvo dedicada la noche, que se subast\u00f3 en dos millones 600 mil euros.<\/p>\n\n\n\n<p>El humidor de la marca Cohiba con la firma del presidente cubano cerr\u00f3 la puja de la noche y se vendi\u00f3 por cuatro millones 600 mil euros, para un total de 11 millones 220 mil euros, que llegar\u00e1n en breve al sistema de salud cubano.<\/p>\n\n\n\n<p>Durante la gala, tambi\u00e9n se entregaron los Premios Habano 2022 en las categor\u00edas de producci\u00f3n, negocios y comunicaci\u00f3n. Los galardonados fueron Yoandi Rodr\u00edguez Porra, Blanca Alsogaray y Jasim Ahmed, respectivamente.<\/p>\n\n\n\n<p>El evento, al que tambi\u00e9n asisti\u00f3 el primer ministro cubano, Manuel Marrero Cruz, tuvo a la nueva l\u00ednea Maestra de la marca Partag\u00e1s como protagonista y por tanto acogi\u00f3 la presentaci\u00f3n de las tres vitolas que la conforman: Origen, Rito y Maestro.<\/p>\n\n\n\n<p>Los reci\u00e9n estrenados tabacos, que llegar\u00e1n a los puntos de venta de Habanos S.A. en las pr\u00f3ximas semanas, son elaborados con hojas de las vegas de San Luis, en la occidental provincia de Pinar del R\u00edo, y tendr\u00e1n envases especiales de 20 unidades cuidadosamente dise\u00f1ados para ellos.<\/p>\n\n\n\n<p>Los expertos de esa corporaci\u00f3n remarcaron que la l\u00ednea m\u00e1s premium de la marca rinde homenaje a todas las personas que, con su esfuerzo y dedicaci\u00f3n, hacen posible la elaboraci\u00f3n de cada tabaco.<\/p>\n\n\n\n<p>El momento cultural de la noche cont\u00f3 con presentaciones de Zule Guerra, B\u00e1rbara Yanes, Christian Alejandro, la compa\u00f1\u00eda Lizt Alfonso y la orquesta de Manolito Sibonet, entre otros destacados artistas cubanos, y con un concierto de cierre del grupo alem\u00e1n Boney M.<\/p>\n\n\n\n<p>lam\/att<\/p>\n","protected":false},"excerpt":{"rendered":"<p>La Habana, 4 mar (Prensa Latina) La celebraci\u00f3n del XIII Festival del Habano, que concluy\u00f3 hoy con una recaudaci\u00f3n de m\u00e1s de 11 millones de euros para la salud p\u00fablica cubana, confirm\u00f3 que la cultura e industria tabacalera de la isla es m\u00e1s fuerte que nunca.&nbsp;&nbsp;&nbsp;&nbsp; marzo 4, 2023 CST10:46 (GMT) -0500 Fotos: Jos\u00e9 \u201cTito\u201d [&hellip;]<\/p>\n","protected":false},"author":28,"featured_media":421027,"comment_status":"closed","ping_status":"","sticky":false,"template":"","format":"standard","meta":{"footnotes":""},"categories":[36,18,32],"tags":[],"class_list":["post-421024","post","type-post","status-publish","format-standard","has-post-thumbnail","hentry","category-hombresmujeresycosas","category-economia","category-turismo"],"_links":{"self":[{"href":"https:\/\/diariodominicano.com\/index.php?rest_route=\/wp\/v2\/posts\/421024","targetHints":{"allow":["GET"]}}],"collection":[{"href":"https:\/\/diariodominicano.com\/index.php?rest_route=\/wp\/v2\/posts"}],"about":[{"href":"https:\/\/diariodominicano.com\/index.php?rest_route=\/wp\/v2\/types\/post"}],"author":[{"embeddable":true,"href":"https:\/\/diariodominicano.com\/index.php?rest_route=\/wp\/v2\/users\/28"}],"replies":[{"embeddable":true,"href":"https:\/\/diariodominicano.com\/index.php?rest_route=%2Fwp%2Fv2%2Fcomments&post=421024"}],"version-history":[{"count":2,"href":"https:\/\/diariodominicano.com\/index.php?rest_route=\/wp\/v2\/posts\/421024\/revisions"}],"predecessor-version":[{"id":421028,"href":"https:\/\/diariodominicano.com\/index.php?rest_route=\/wp\/v2\/posts\/421024\/revisions\/421028"}],"wp:featuredmedia":[{"embeddable":true,"href":"https:\/\/diariodominicano.com\/index.php?rest_route=\/wp\/v2\/media\/421027"}],"wp:attachment":[{"href":"https:\/\/diariodominicano.com\/index.php?rest_route=%2Fwp%2Fv2%2Fmedia&parent=421024"}],"wp:term":[{"taxonomy":"category","embeddable":true,"href":"https:\/\/diariodominicano.com\/index.php?rest_route=%2Fwp%2Fv2%2Fcategories&post=421024"},{"taxonomy":"post_tag","embeddable":true,"href":"https:\/\/diariodominicano.com\/index.php?rest_route=%2Fwp%2Fv2%2Ftags&post=421024"}],"curies":[{"name":"wp","href":"https:\/\/api.w.org\/{rel}","templated":true}]}}