{"id":421008,"date":"2023-03-04T13:11:03","date_gmt":"2023-03-04T17:11:03","guid":{"rendered":"http:\/\/diariodominicano.com\/?p=421008"},"modified":"2023-03-04T13:11:19","modified_gmt":"2023-03-04T17:11:19","slug":"ministerio-publico-logra-prision-preventiva-contra-implicado-en-asesinato-de-la-pareja-de-esposos-de-la-guayiga","status":"publish","type":"post","link":"https:\/\/diariodominicano.com\/?p=421008","title":{"rendered":"El Ministerio P\u00fablico logra prisi\u00f3n preventiva contra implicado en asesinato de la pareja de esposos de La Gu\u00e1yiga"},"content":{"rendered":"\n<p><em><u>Juez declara el caso complejo por la pluralidad de los imputados y tratarse de un hecho de criminalidad organizada<\/u><\/em><\/p>\n\n\n\n<p><strong>SANTO DOMINGO (Rep\u00fablica Dominicana).-<\/strong>&nbsp;El Ministerio P\u00fablico de Santo Domingo Oeste obtuvo la imposici\u00f3n de un a\u00f1o de prisi\u00f3n preventiva en contra de un hombre imputado por asociaci\u00f3n de malhechores con otras personas para cometer el asesinato de los esposos Luis Miguel J\u00e1quez Rodr\u00edguez y Elizabeth Almarante Pacheco, quienes resid\u00edan en el sector La Gu\u00e1yiga.<\/p>\n\n\n\n<p>El juez Leomar Quezada, de la Oficina Judicial de Servicios de Atenci\u00f3n Permanente de Santo Domingo Oeste, dispuso la aplicaci\u00f3n de la medida cautelar en contra de Jos\u00e9 Alfredo Ventura Tupete, quien deber\u00e1 cumplir con la disposici\u00f3n en el Centro de Correcci\u00f3n y rehabilitaci\u00f3n Najayo Hombres.<\/p>\n\n\n\n<p>El tribunal tambi\u00e9n acogi\u00f3 la solicitud del Ministerio P\u00fablico, representado por el fiscal titular de esta jurisdicci\u00f3n, Edward L\u00f3pez y declar\u00f3 la complejidad del proceso por la pluralidad de los imputados y tratarse de un hecho de criminalidad organizada.<\/p>\n\n\n\n<p>EI Ministerio P\u00fablico les ha asignado a los hechos indicados la calificaci\u00f3n jur\u00eddica provisional de complicidad para cometer homicidios, hechos descritos y sancionados por los art\u00edculos 59, 60, 61, 62 295, 297, 298 y 302 del C\u00f3digo Penal Dominicano, 3, numeral 8, 66, 67, 83, 86, de la ley 631-2016, para el Control y Regulaci\u00f3n de Armas, Municiones y Materiales Relacionados en la Rep\u00fablica Dominicana.<\/p>\n\n\n\n<p>L\u00f3pez indic\u00f3 que se espera que en los pr\u00f3ximos d\u00edas sea extraditado al pa\u00eds el encartado Dylan Alberto Ortiz, para que este responda a las autoridades por su vinculaci\u00f3n en el proceso.<\/p>\n\n\n\n<p>Junto a Ventura Tupete y Ortiz, en el caso tambi\u00e9n est\u00e1n vinculados los pr\u00f3fugos Dylan Alberto Ortiz, Leonardo M\u00e9ndez Mojica, Eddy Manuel \u00c1lvarez Ram\u00edrez, Moreno y\/o Ni\u00f1o, Jos\u00e9 Miguel \u00c1lvarez Ram\u00edrez, alias Beb\u00e9.<\/p>\n\n\n\n<p>La pareja de los esposos Luis Miguel J\u00e1quez Rodr\u00edguez y Elizabeth Almarante Pacheco desaparecieron la madrugada del pasado 24 de enero de su vivienda, ubicada de la calle El Progreso, en el sector La Gu\u00e1yiga, ubicado en el Km 22 de la Autopista Duarte, municipio Pedro Brand, lo que llev\u00f3 al Ministerio P\u00fablico, junto a la de la Unidad de Desaparecidos de la Polic\u00eda Nacional, a iniciar una investigaci\u00f3n.<\/p>\n\n\n\n<p>Posterior a los hechos, las autoridades dieron seguimiento a un veh\u00edculo marca Hyundai, modelo Tucson (2020), yip de color gris, chasis KMHJ2813BLU147622, placa G496783, el cual hab\u00eda sido utilizado para transportar a la pareja de esposos, por lo que se determin\u00f3 que este fue rentado al se\u00f1or Alfredo Antonio Nova P\u00e9rez.<\/p>\n\n\n\n<p>Las investigaciones dirigidas por el Ministerio P\u00fablico establecen que el pr\u00f3fugo Leonardo M\u00e9ndez Mojica hab\u00eda rentado el veh\u00edculo antes mencionado desde el 21 al 27 de enero del presente a\u00f1o y al realizar varias inspecciones sobre el veh\u00edculo arrojaron el lugar donde se encontraron los cuerpos sin vida de la pareja de esposos.<\/p>\n\n\n\n<p>El cuerpo del hoy occiso Miguel Jaqu\u00e9z Rodr\u00edguez fue encontrado completamente atado con cintas pegantes transparentes y al igual que el cad\u00e1ver de la se\u00f1ora Elizabeth Almarante Pacheco.<\/p>\n\n\n\n<p><strong>Direcci\u00f3n General de Comunicaci\u00f3n, Prensa, y RRPP<\/strong><\/p>\n\n\n\n<p>Ministerio P\u00fablico.&nbsp;R.D.<\/p>\n\n\n\n<p>S\u00e1bado, 04 de marzo de 2023<\/p>\n","protected":false},"excerpt":{"rendered":"<p>Juez declara el caso complejo por la pluralidad de los imputados y tratarse de un hecho de criminalidad organizada SANTO DOMINGO (Rep\u00fablica Dominicana).-&nbsp;El Ministerio P\u00fablico de Santo Domingo Oeste obtuvo la imposici\u00f3n de un a\u00f1o de prisi\u00f3n preventiva en contra de un hombre imputado por asociaci\u00f3n de malhechores con otras personas para cometer el asesinato [&hellip;]<\/p>\n","protected":false},"author":28,"featured_media":398358,"comment_status":"closed","ping_status":"","sticky":true,"template":"","format":"standard","meta":{"footnotes":""},"categories":[24,29,27],"tags":[],"class_list":["post-421008","post","type-post","status-publish","format-standard","has-post-thumbnail","hentry","category-justicia-y-derecho","category-policiasucesos","category-portada"],"_links":{"self":[{"href":"https:\/\/diariodominicano.com\/index.php?rest_route=\/wp\/v2\/posts\/421008","targetHints":{"allow":["GET"]}}],"collection":[{"href":"https:\/\/diariodominicano.com\/index.php?rest_route=\/wp\/v2\/posts"}],"about":[{"href":"https:\/\/diariodominicano.com\/index.php?rest_route=\/wp\/v2\/types\/post"}],"author":[{"embeddable":true,"href":"https:\/\/diariodominicano.com\/index.php?rest_route=\/wp\/v2\/users\/28"}],"replies":[{"embeddable":true,"href":"https:\/\/diariodominicano.com\/index.php?rest_route=%2Fwp%2Fv2%2Fcomments&post=421008"}],"version-history":[{"count":2,"href":"https:\/\/diariodominicano.com\/index.php?rest_route=\/wp\/v2\/posts\/421008\/revisions"}],"predecessor-version":[{"id":421010,"href":"https:\/\/diariodominicano.com\/index.php?rest_route=\/wp\/v2\/posts\/421008\/revisions\/421010"}],"wp:featuredmedia":[{"embeddable":true,"href":"https:\/\/diariodominicano.com\/index.php?rest_route=\/wp\/v2\/media\/398358"}],"wp:attachment":[{"href":"https:\/\/diariodominicano.com\/index.php?rest_route=%2Fwp%2Fv2%2Fmedia&parent=421008"}],"wp:term":[{"taxonomy":"category","embeddable":true,"href":"https:\/\/diariodominicano.com\/index.php?rest_route=%2Fwp%2Fv2%2Fcategories&post=421008"},{"taxonomy":"post_tag","embeddable":true,"href":"https:\/\/diariodominicano.com\/index.php?rest_route=%2Fwp%2Fv2%2Ftags&post=421008"}],"curies":[{"name":"wp","href":"https:\/\/api.w.org\/{rel}","templated":true}]}}