{"id":42093,"date":"2019-09-26T01:49:22","date_gmt":"2019-09-26T01:49:22","guid":{"rendered":"http:\/\/diariodominicano.ddns.net\/?p=42093"},"modified":"2019-09-26T01:49:22","modified_gmt":"2019-09-26T01:49:22","slug":"a-pleno-sollas-masas-indefinidas","status":"publish","type":"post","link":"https:\/\/diariodominicano.com\/?p=42093","title":{"rendered":"A Pleno Sol&#13;&#13;Las masas indefinidas"},"content":{"rendered":"<p><body><\/p>\n<p><strong>Por Manuel Hern\u00e1ndez Villeta<\/strong><\/p>\n<\/p>\n<\/p>\n<p>La llamada mayor\u00eda silente enga\u00f1a. Es individual, solitaria, vive en las sombras, pero por razones circunstanciales dentro de su aislamiento tiene fuerza unitaria en la coyuntura electoral. Los temores de esa mezcolanza de los que buscan la subsistencia social, econ\u00f3mica o psicol\u00f3gica, da el triunfo o la derrota.<\/p>\n<\/p>\n<p>La supervivencia de la mayor\u00eda silente var\u00eda. Puede ser del sin empleo que busca conseguir un trabajo en el nuevo gobierno, del clase media que no quiere cumplir horario  y teme perder lo que tiene, o del empresario que ama su dinero m\u00e1s que la vida, y que teme a los cambios.<\/p>\n<\/p>\n<p>La gran obsesi\u00f3n de esa mayor\u00eda silente es el orden, la tranquilidad, y aunque se mantenga de su trabajo a la casa, le gusta decir que tiene libertad para moverse. Habla de la libre expresi\u00f3n del pensamiento como un gran derecho, pero se auto-censura por temor de ofender a los poderosos.<\/p>\n<\/p>\n<p>La mayor\u00eda silente es la casi totalidad del pueblo dominicano. El que no habla de pol\u00edtica, el que opina siguiendo directrices de su comentarista favorito, el que le da visos de realidad a lo que se cuchichea en los programas de chismes faranduleros o pol\u00edticos, eso s\u00ed, que dice que su deber c\u00edvico inviolable es votar en las elecciones.<\/p>\n<\/p>\n<p>El pol\u00edtico que conozca el coraz\u00f3n de la mayor\u00eda silente dominicana ser\u00e1 presidente. En los partidos pol\u00edticos solo est\u00e1 inscrita una parte min\u00fascula de los dominicanos. Nadie gana unas elecciones con su padr\u00f3n. Para vencer en unas elecciones, se tiene que atraer a la gran manifestaci\u00f3n silenciosa que solo sacar\u00e1 la cabeza para ir a la mesa de votaciones.<\/p>\n<\/p>\n<p>Mucho lo ocultan, pero el apoyo central de los dictadores siempre ha sido esa minor\u00eda silente. Vende su libertad, su conciencia y su alma, por el orden, la tranquilidad y lo que ve como respeto a su integridad. Si yo no me meto con \u00e9l, \u00e9l no se mete conmigo, dice de los gobiernos.<\/p>\n<\/p>\n<p>Trujillo se subi\u00f3 al caballo aupado por esa mayor\u00eda silente, que en ese momento era mayoritariamente  rural. A pesar de sus cr\u00edmenes, Trujillo gozo siempre con el favor de ese segmento social y para sacarlo del poder hubo que ajusticiarlo, en un complot de su mismo circulo de poder.<\/p>\n<\/p>\n<p>Ya con Joaqu\u00edn Balaguer van creciendo los barrios marginados de las ciudades, y aunque siempre los reformistas-balagueristas fueron minoritarios, contaron con el respaldo de los sectores m\u00e1s conservadores del pa\u00eds.<\/p>\n<\/p>\n<p>Se quiera o no, la mayor\u00eda silente le va a dar de nuevo el poder al que le ofrezca paz, tranquilidad y promesas de desarrollo sin cambio. Su lema de vida es: \u00abbueno o malo si yo no me meto con el gobierno, \u00e9l no se mete conmigo\u00bb. No hay tiempos nuevos a la vista, la misma mayor\u00eda silente decidir\u00e1 primarias y elecciones. \u00a1Ay!, se me acab\u00f3 la tinta.<\/p>\n<\/p>\n<h6> 2019-09-26 01:49:22 <\/h6>\n<p><!--\n<link rel=\"stylesheet\" href=\"css\/bootstrap.min.css\">\n\n\n<ul class=\"pagination\">\n\t    \n\t\n\n<li >\n\t<a href='?page_no=513'>Previous<\/a>\n\t<\/li>\n\n\n       \n    \n\n<li><a href='?page_no=1'>1<\/a><\/li>\n\n\n\n<li><a href='?page_no=2'>2<\/a><\/li>\n\n\n\n<li><a>...<\/a><\/li>\n\n\n\n<li><a href='?page_no=512'>512<\/a><\/li>\n\n\n\n<li><a href='?page_no=513'>513<\/a><\/li>\n\n\n\n<li class='active'><a>514<\/a><\/li>\n\n\n\n<li><a href='?page_no=515'>515<\/a><\/li>\n\n\n\n<li><a href='?page_no=516'>516<\/a><\/li>\n\n\n\n<li><a>...<\/a><\/li>\n\n\n\n<li><a href='?page_no=13611'>13611<\/a><\/li>\n\n\n\n<li><a href='?page_no=13612'>13612<\/a><\/li>\n\n    \n\t\n\n<li >\n\t<a href='?page_no=515'>Next<\/a>\n\t<\/li>\n\n\n    \n\n<li><a href='?page_no=13612'>Last &rsaquo;&rsaquo;<\/a><\/li>\n\n<\/ul>\n\n\n--><br \/>\n<\/body><\/p>\n","protected":false},"excerpt":{"rendered":"<p>Por Manuel Hern\u00e1ndez Villeta La llamada mayor\u00eda silente enga\u00f1a. Es individual, solitaria, vive en las sombras, pero por razones circunstanciales dentro de su aislamiento tiene fuerza unitaria en la coyuntura electoral. Los temores de esa mezcolanza de los que buscan la subsistencia social, econ\u00f3mica o psicol\u00f3gica, da el triunfo o la derrota. La supervivencia de [&hellip;]<\/p>\n","protected":false},"author":3,"featured_media":0,"comment_status":"open","ping_status":"open","sticky":false,"template":"","format":"standard","meta":{"footnotes":""},"categories":[16],"tags":[],"class_list":["post-42093","post","type-post","status-publish","format-standard","hentry","category-opiniones"],"_links":{"self":[{"href":"https:\/\/diariodominicano.com\/index.php?rest_route=\/wp\/v2\/posts\/42093","targetHints":{"allow":["GET"]}}],"collection":[{"href":"https:\/\/diariodominicano.com\/index.php?rest_route=\/wp\/v2\/posts"}],"about":[{"href":"https:\/\/diariodominicano.com\/index.php?rest_route=\/wp\/v2\/types\/post"}],"author":[{"embeddable":true,"href":"https:\/\/diariodominicano.com\/index.php?rest_route=\/wp\/v2\/users\/3"}],"replies":[{"embeddable":true,"href":"https:\/\/diariodominicano.com\/index.php?rest_route=%2Fwp%2Fv2%2Fcomments&post=42093"}],"version-history":[{"count":0,"href":"https:\/\/diariodominicano.com\/index.php?rest_route=\/wp\/v2\/posts\/42093\/revisions"}],"wp:attachment":[{"href":"https:\/\/diariodominicano.com\/index.php?rest_route=%2Fwp%2Fv2%2Fmedia&parent=42093"}],"wp:term":[{"taxonomy":"category","embeddable":true,"href":"https:\/\/diariodominicano.com\/index.php?rest_route=%2Fwp%2Fv2%2Fcategories&post=42093"},{"taxonomy":"post_tag","embeddable":true,"href":"https:\/\/diariodominicano.com\/index.php?rest_route=%2Fwp%2Fv2%2Ftags&post=42093"}],"curies":[{"name":"wp","href":"https:\/\/api.w.org\/{rel}","templated":true}]}}