{"id":42082,"date":"2019-09-26T08:52:20","date_gmt":"2019-09-26T08:52:20","guid":{"rendered":"http:\/\/diariodominicano.ddns.net\/?p=42082"},"modified":"2019-09-26T08:52:20","modified_gmt":"2019-09-26T08:52:20","slug":"la-voz-de-la-iglesia-2","status":"publish","type":"post","link":"https:\/\/diariodominicano.com\/?p=42082","title":{"rendered":"&#13;LA VOZ DE LA IGLESIA"},"content":{"rendered":"<p><body><\/p>\n<p>EN PRIMERA FILA<\/p>\n<p>LA VOZ DE LA IGLESIA<\/p>\n<p>Mario Rivadulla<\/p>\n<\/p>\n<p>Como siempre en la celebraci\u00f3n de las festividades religiosas de la Iglesia, durante la de Las Mercedes se dej\u00f3 sentir su voz de cr\u00edtica en las respectivas homil\u00edas del Vicario Episcopal, monse\u00f1or Faustino Burgos Brisman, en la Catedral Primada, y del Obispo de la di\u00f3cesis de La Vega, monse\u00f1or H\u00e9ctor Rafael Rodr\u00edguez, donde el mensaje espiritual estuvo acompa\u00f1ado del enfoque  de varios de los principales males que aquejan a la sociedad dominicana. <\/p>\n<\/p>\n<p>En el escenario capitale\u00f1o, el prelado oficiante puso \u00e9nfasis en temas sensibles y reiterados.  Tales la inseguridad ciudadana que mantiene en permanente estado de crispaci\u00f3n a una gran mayor\u00eda de la poblaci\u00f3n ante el auge de una delincuencia cada vez m\u00e1s agresiva y temeraria, as\u00ed como la injusticia que mantiene abiertas profundas brechas en los precarios niveles de vida que afectan a todav\u00eda un elevado porcentaje de familias en contraste con los elevados y sostenidos \u00edndices de crecimiento de la econom\u00eda.  <\/p>\n<\/p>\n<p>En adici\u00f3n, un tema que por lo general no destaca, ni siquiera en la agenda de promesas de los aspirantes a dirigir los destinos del pa\u00eds como es el caos vehicular, y el consiguiente elevado \u00edndice de accidentes de tr\u00e1nsito y  alto costo que genera en vidas humanas, como principal causa de muertes violentas en el pa\u00eds, gran n\u00famero de lesionados y cuantiosos da\u00f1os materiales.<\/p>\n<\/p>\n<p>No fue parco por su lado el obispo vegano al momento de exponer con voz cr\u00edtica los perjuicios derivados de la creciente corrupci\u00f3n arropada por la impunidad de que gozan los mas poderosos, influentes y enllavados, con especial menci\u00f3n al incremento del narcotr\u00e1fico que pr\u00e1cticamente ha poblado de puntos de distribuci\u00f3n todos los confines del territorio nacional, tal como admiten las propias autoridades y que cada d\u00eda suman nuevos reclutas entre los cientos de miles de j\u00f3venes que ni estudian ni trabajan mientras sufren la angustia de una sociedad de consumo que no les ofrece camino expedito para satisfacer sus deseos de entrar a formar parte de la misma.<\/p>\n<\/p>\n<p>Desde el p\u00falpito, monse\u00f1or Rodr\u00edguez incluy\u00f3 como tema de reflexi\u00f3n y acciones concretas el cuidado de la naturaleza, advirtiendo al margen de los reclamos a nivel global sobre el cambio clim\u00e1tico, en nuestro caso espec\u00edfico las amenazas que penden sobre nuestro h\u00e1bitat debido a la explotaci\u00f3n irracional de los recursos naturales y la contaminaci\u00f3n de las aguas.   Se trata de un serio crimen determinado por el ciego af\u00e1n de lucro de unos pocos en perjuicio de la calidad del medio ambiente, la salud y la vida misma del pueblo dominicano.<\/p>\n<\/p>\n<p>Pero tanto en un caso como en el otro no pod\u00eda faltar el llamado al rescate de los esenciales principios \u00e9ticos y c\u00edvicos que hemos ido dejando en el camino en forma cada vez m\u00e1s acelerada y preocupante.  Ellos son    la levadura esencial para la formaci\u00f3n de ciudadanos responsables, de familias estables y de sociedades progresistas. Traerlos de regreso es tambi\u00e9n misi\u00f3n que debiera figurar en primera l\u00ednea en los programas de gobierno de los partidos pol\u00edticos.  La de crear las condiciones para formar el nuevo ciudadano para una renovada Rep\u00fablica Dominicana.<\/p>\n<\/p>\n<p>Como igualmente advierte otro respetado educador y dignatario eclesi\u00e1stico, monse\u00f1or Jes\u00fas Castro Marte, Rector de la Universidad Cat\u00f3lica de Santo Domingo, tenemos que desterrar la torcida norma de \u00abb\u00fascame lo m\u00edo\u00bb, para sustituirla por una nueva filosof\u00eda  de vida fundada y la b\u00fasqueda honesta del progreso individual a trav\u00e9s de la iniciativa, la responsabilidad, el estudio, el trabajo, el esp\u00edritu de superaci\u00f3n, la solidaridad y el compromiso social. <\/p>\n<\/p>\n<p>Es lo que ha hecho grandes a otros pa\u00edses de nuestro mismo nivel.  Y es el \u00fanico camino a emprender para poder hacer tambi\u00e9n grande el nuestro.<\/p>\n<\/p>\n<\/p>\n<\/p>\n<\/p>\n<\/p>\n<\/p>\n<h6> 2019-09-26 08:52:20 <\/h6>\n<p><!--\n<link rel=\"stylesheet\" href=\"css\/bootstrap.min.css\">\n\n\n<ul class=\"pagination\">\n\t    \n\t\n\n<li >\n\t<a href='?page_no=512'>Previous<\/a>\n\t<\/li>\n\n\n       \n    \n\n<li><a href='?page_no=1'>1<\/a><\/li>\n\n\n\n<li><a href='?page_no=2'>2<\/a><\/li>\n\n\n\n<li><a>...<\/a><\/li>\n\n\n\n<li><a href='?page_no=511'>511<\/a><\/li>\n\n\n\n<li><a href='?page_no=512'>512<\/a><\/li>\n\n\n\n<li class='active'><a>513<\/a><\/li>\n\n\n\n<li><a href='?page_no=514'>514<\/a><\/li>\n\n\n\n<li><a href='?page_no=515'>515<\/a><\/li>\n\n\n\n<li><a>...<\/a><\/li>\n\n\n\n<li><a href='?page_no=13611'>13611<\/a><\/li>\n\n\n\n<li><a href='?page_no=13612'>13612<\/a><\/li>\n\n    \n\t\n\n<li >\n\t<a href='?page_no=514'>Next<\/a>\n\t<\/li>\n\n\n    \n\n<li><a href='?page_no=13612'>Last &rsaquo;&rsaquo;<\/a><\/li>\n\n<\/ul>\n\n\n--><br \/>\n<\/body><\/p>\n","protected":false},"excerpt":{"rendered":"<p>EN PRIMERA FILA LA VOZ DE LA IGLESIA Mario Rivadulla Como siempre en la celebraci\u00f3n de las festividades religiosas de la Iglesia, durante la de Las Mercedes se dej\u00f3 sentir su voz de cr\u00edtica en las respectivas homil\u00edas del Vicario Episcopal, monse\u00f1or Faustino Burgos Brisman, en la Catedral Primada, y del Obispo de la di\u00f3cesis [&hellip;]<\/p>\n","protected":false},"author":3,"featured_media":0,"comment_status":"open","ping_status":"open","sticky":false,"template":"","format":"standard","meta":{"footnotes":""},"categories":[16],"tags":[],"class_list":["post-42082","post","type-post","status-publish","format-standard","hentry","category-opiniones"],"_links":{"self":[{"href":"https:\/\/diariodominicano.com\/index.php?rest_route=\/wp\/v2\/posts\/42082","targetHints":{"allow":["GET"]}}],"collection":[{"href":"https:\/\/diariodominicano.com\/index.php?rest_route=\/wp\/v2\/posts"}],"about":[{"href":"https:\/\/diariodominicano.com\/index.php?rest_route=\/wp\/v2\/types\/post"}],"author":[{"embeddable":true,"href":"https:\/\/diariodominicano.com\/index.php?rest_route=\/wp\/v2\/users\/3"}],"replies":[{"embeddable":true,"href":"https:\/\/diariodominicano.com\/index.php?rest_route=%2Fwp%2Fv2%2Fcomments&post=42082"}],"version-history":[{"count":0,"href":"https:\/\/diariodominicano.com\/index.php?rest_route=\/wp\/v2\/posts\/42082\/revisions"}],"wp:attachment":[{"href":"https:\/\/diariodominicano.com\/index.php?rest_route=%2Fwp%2Fv2%2Fmedia&parent=42082"}],"wp:term":[{"taxonomy":"category","embeddable":true,"href":"https:\/\/diariodominicano.com\/index.php?rest_route=%2Fwp%2Fv2%2Fcategories&post=42082"},{"taxonomy":"post_tag","embeddable":true,"href":"https:\/\/diariodominicano.com\/index.php?rest_route=%2Fwp%2Fv2%2Ftags&post=42082"}],"curies":[{"name":"wp","href":"https:\/\/api.w.org\/{rel}","templated":true}]}}