{"id":420784,"date":"2023-03-03T12:24:19","date_gmt":"2023-03-03T16:24:19","guid":{"rendered":"http:\/\/diariodominicano.com\/?p=420784"},"modified":"2023-03-03T12:24:19","modified_gmt":"2023-03-03T16:24:19","slug":"condenan-a-cinco-anos-de-prision-a-un-hombre-que-sustrajo-vacas-en-finca-de-monte-plata","status":"publish","type":"post","link":"https:\/\/diariodominicano.com\/?p=420784","title":{"rendered":"Condenan a cinco a\u00f1os de prisi\u00f3n a un hombre que sustrajo vacas en finca de Monte Plata"},"content":{"rendered":"\n<p>MONTE PLATA, Rep\u00fablica Dominicana.- El Ministerio P\u00fablico obtuvo una sentencia condenatoria de cinco a\u00f1os de prisi\u00f3n en contra de un hombre que fue hallado culpable de robar cinco vacas luego penetrar a una finca de esta provincia en horas de la noche del 10 de abril de 2022.<\/p>\n\n\n\n<p>El Tribunal Colegiado de Monte Plata, presidido por la jueza Hilda Nieves S\u00e1nchez Luna, sentenci\u00f3 a Luis Alfredo de Le\u00f3n Pascual (Olin) a cumplir la condena en la Penitenciar\u00eda Nacional de La Victoria y al pago de una indemnizaci\u00f3n de RD$700 mil a la v\u00edctima por los da\u00f1os econ\u00f3micos y morales causados.<\/p>\n\n\n\n<p>Diferentes pruebas testimoniales, documentales e ilustrativas sustentaron la acusaci\u00f3n presentada por el fiscal Jos\u00e9 del Carmen Garc\u00eda Hern\u00e1ndez, estableci\u00e9ndose en el juicio que De Le\u00f3n Pascual cometi\u00f3 la acci\u00f3n delictiva al penetrar a la propiedad donde hab\u00eda 45 vacas, de las cuales sustrajo cinco que estaban en gestaci\u00f3n, valoradas en 80 mil pesos cada una.<\/p>\n\n\n\n<p>En el proceso se estableci\u00f3 que el hoy condenado cometi\u00f3 el robo en la finca del Batey Los Jovillos, en Yamas\u00e1, Monte Plata, con la participaci\u00f3n de otras personas de datos desconocidos y que ofreci\u00f3 cinco mil pesos a uno de los empleados de la finca para que lo ayudara, de los cuales solo le entreg\u00f3 mil pesos.<\/p>\n\n\n\n<p>De Le\u00f3n y los dem\u00e1s que le acompa\u00f1aban penetraron al lugar luego de violentar el port\u00f3n principal de la finca, hecho por el que fue declarado culpable de violar las disposiciones contenidas en los art\u00edculos 265, 266, 379 y 388 del C\u00f3digo Penal Dominicano.<\/p>\n\n\n\n<p>Direcci\u00f3n General de Comunicaci\u00f3n, Prensa, y RRPP<\/p>\n\n\n\n<p>Ministerio P\u00fablico.&nbsp;R.D.<\/p>\n\n\n\n<p>Viernes, 3 de marzo de 2023&#8230;.<\/p>\n","protected":false},"excerpt":{"rendered":"<p>MONTE PLATA, Rep\u00fablica Dominicana.- El Ministerio P\u00fablico obtuvo una sentencia condenatoria de cinco a\u00f1os de prisi\u00f3n en contra de un hombre que fue hallado culpable de robar cinco vacas luego penetrar a una finca de esta provincia en horas de la noche del 10 de abril de 2022. El Tribunal Colegiado de Monte Plata, presidido [&hellip;]<\/p>\n","protected":false},"author":28,"featured_media":292085,"comment_status":"closed","ping_status":"","sticky":true,"template":"","format":"standard","meta":{"footnotes":""},"categories":[24,29,27],"tags":[],"class_list":["post-420784","post","type-post","status-publish","format-standard","has-post-thumbnail","hentry","category-justicia-y-derecho","category-policiasucesos","category-portada"],"_links":{"self":[{"href":"https:\/\/diariodominicano.com\/index.php?rest_route=\/wp\/v2\/posts\/420784","targetHints":{"allow":["GET"]}}],"collection":[{"href":"https:\/\/diariodominicano.com\/index.php?rest_route=\/wp\/v2\/posts"}],"about":[{"href":"https:\/\/diariodominicano.com\/index.php?rest_route=\/wp\/v2\/types\/post"}],"author":[{"embeddable":true,"href":"https:\/\/diariodominicano.com\/index.php?rest_route=\/wp\/v2\/users\/28"}],"replies":[{"embeddable":true,"href":"https:\/\/diariodominicano.com\/index.php?rest_route=%2Fwp%2Fv2%2Fcomments&post=420784"}],"version-history":[{"count":1,"href":"https:\/\/diariodominicano.com\/index.php?rest_route=\/wp\/v2\/posts\/420784\/revisions"}],"predecessor-version":[{"id":420785,"href":"https:\/\/diariodominicano.com\/index.php?rest_route=\/wp\/v2\/posts\/420784\/revisions\/420785"}],"wp:featuredmedia":[{"embeddable":true,"href":"https:\/\/diariodominicano.com\/index.php?rest_route=\/wp\/v2\/media\/292085"}],"wp:attachment":[{"href":"https:\/\/diariodominicano.com\/index.php?rest_route=%2Fwp%2Fv2%2Fmedia&parent=420784"}],"wp:term":[{"taxonomy":"category","embeddable":true,"href":"https:\/\/diariodominicano.com\/index.php?rest_route=%2Fwp%2Fv2%2Fcategories&post=420784"},{"taxonomy":"post_tag","embeddable":true,"href":"https:\/\/diariodominicano.com\/index.php?rest_route=%2Fwp%2Fv2%2Ftags&post=420784"}],"curies":[{"name":"wp","href":"https:\/\/api.w.org\/{rel}","templated":true}]}}