{"id":420724,"date":"2023-03-03T10:34:56","date_gmt":"2023-03-03T14:34:56","guid":{"rendered":"http:\/\/diariodominicano.com\/?p=420724"},"modified":"2023-03-03T10:35:46","modified_gmt":"2023-03-03T14:35:46","slug":"avanzan-trabajos-reforma-policia-nacional-celebran-87-aniversario-con-cambios-institucionales","status":"publish","type":"post","link":"https:\/\/diariodominicano.com\/?p=420724","title":{"rendered":"Avanzan trabajos reforma Polic\u00eda Nacional, celebran 87 aniversario con cambios institucionales"},"content":{"rendered":"\n<p>diariodominicano.com<\/p>\n\n\n\n<p>Santo Domingo, R. D.,  2 de marzo, 2023.-&nbsp;<strong>La Direcci\u00f3n General de la Polic\u00eda Nacional<\/strong>&nbsp;junto a la&nbsp;<strong>Comisi\u00f3n Ejecutiva para la Transformaci\u00f3n y Profesionalizaci\u00f3n de la Polic\u00eda Nacional<\/strong>&nbsp;avanzan de manera eficiente en los trabajos que buscan reformar la instituci\u00f3n del orden p\u00fablico.<\/p>\n\n\n\n<p>La Polic\u00eda Nacional, al llegar a su&nbsp;<strong>87 aniversario<\/strong>&nbsp;y celebrar, adem\u00e1s, el&nbsp;<strong>D\u00eda del Polic\u00eda<\/strong>, recibe este d\u00eda con importantes transformaciones visibles a los ojos de todos.<\/p>\n\n\n\n<p>La reforma busca el cumplimiento estricto de la ley, con un proceso que se divide en cuatro importantes pilares de abordaje para una mayor efectividad, como son:&nbsp;<strong>Dignificaci\u00f3n, Gesti\u00f3n, Operaci\u00f3n y Educaci\u00f3n.<\/strong><\/p>\n\n\n\n<p>La instituci\u00f3n se est\u00e1 transformando y profesionalizando en su conjunto, con grandes avances. Ahora los uniformados cuentan con un&nbsp;<strong>salario m\u00ednimo de 26,000 pesos mensuales<\/strong>, el cual se aumentar\u00e1 dos veces m\u00e1s antes de cerrar este a\u00f1o 2023.<\/p>\n\n\n\n<p>En la dignificaci\u00f3n, son palpables nuevos beneficios, como el seguro m\u00e9dico, bono para vivienda, los descuentos en las cadenas de supermercados m\u00e1s importantes, alimentaci\u00f3n cubierta y curso de ingl\u00e9s por inmersi\u00f3n. Tambi\u00e9n se les han otorgado bonos para su transporte en la OMSA, el Metro y en el Telef\u00e9rico. Adem\u00e1s, se da apoyo a la mujer polic\u00eda en todas las \u00e1reas, quienes ahora cuentan con Salas de Lactancia. Esto nunca antes se hab\u00eda visto en la Polic\u00eda Nacional.<\/p>\n\n\n\n<p>En el pilar de gesti\u00f3n institucional se puede evidenciar el \u00e9nfasis en convertir a la Polic\u00eda en una instituci\u00f3n moderna y digitalizada, basada en procesos eficientes en cuanto a su administraci\u00f3n y finanzas.<\/p>\n\n\n\n<p>As\u00ed lo acreditan las instituciones reguladoras de la administraci\u00f3n p\u00fablica, quienes colocan a la Polic\u00eda Nacional entre los primeros lugares de los indicadores de&nbsp;<strong>gesti\u00f3n del SISMAG y la Carta Compromiso al Ciudadano.<\/strong><\/p>\n\n\n\n<p>Los agentes ahora pueden realizar sus labores en mejores condiciones. Para lograr mayor eficacia, cuentan con una flotilla de 672 veh\u00edculos, 785 motores, con 346 juegos de c\u00e1maras para veh\u00edculos de vigilancia policial y equipos computacionales para 110 destacamentos. Igualmente, se encuentran en construcci\u00f3n 106 nuevos cuarteles y se hace el remozamiento de otros 61.<\/p>\n\n\n\n<p><strong>La tecnolog\u00eda se ha convertido en aliada para el proceso de reforma<\/strong>&nbsp;en la instituci\u00f3n del orden, siendo transversal en cada hito. Al arribar a sus 87 a\u00f1os de fundaci\u00f3n, por primera vez, la Polic\u00eda Nacional trabaja con estrategias basadas en el uso del nuevo sistema de medici\u00f3n y seguimiento a los hechos que ocurren cada d\u00eda.<\/p>\n\n\n\n<p>Tambi\u00e9n, se trabaja en la nueva central de radio, la APP de denuncias, en el Sistema de Identificaci\u00f3n Ciudadana y Depuraci\u00f3n Biom\u00e9trica (DEBI), en el Sistema de digitalizaci\u00f3n de controles delictivos, en el aumento de m\u00e1s de 600 c\u00e1maras (car kits y c\u00e1maras corporales) y m\u00e1s de 25 proyectos en desarrollo para garantizar una&nbsp;<strong>eficiente seguridad ciudadana como merecen todos los dominicanos.<\/strong><\/p>\n\n\n\n<p>Los miembros de la instituci\u00f3n del orden p\u00fablico tienen acceso a becas estudiantiles y programas de formaci\u00f3n continua con m\u00e1s de 1,400 cursos y diplomados.<\/p>\n\n\n\n<p>El enfoque de la&nbsp;<strong>Comisi\u00f3n T\u00e9cnica Educativa<\/strong>&nbsp;est\u00e1 en formar a&nbsp;<strong>3,000 nuevos conscriptos<\/strong>&nbsp;para seguir fortaleciendo la planilla de alistados. Gracias a la reforma, la formaci\u00f3n de los polic\u00edas ahora es de un 1 a\u00f1o, con base en un&nbsp;<strong>robusto y completo curr\u00edculo acad\u00e9mico basado en competencias.<\/strong><\/p>\n\n\n\n<p><strong>Seguiremos cambiando<\/strong>&nbsp;<\/p>\n\n\n\n<p>La reforma seguir\u00e1 avanzado a paso firme y constante, pues el gobierno del Presidente Luis Abinader cumplir\u00e1 con su palabra de garantizar&nbsp;<strong>un pa\u00eds m\u00e1s seguro para todos los dominicanos.<\/strong><\/p>\n\n\n\n<p>En 2023, se implementar\u00e1 en todo el Gran Santo Domingo, Santiago y San Crist\u00f3bal la estrategia de seguridad ciudadana denominada&nbsp;<strong>Sistema de Patrullaje por Cuadrantes<\/strong>. En el 2024, se pondr\u00e1 en marcha en La Romana, Hig\u00fcey, San Francisco de Macor\u00eds y Puerto Plata.<\/p>\n\n\n\n<p>En adici\u00f3n, se trabaja arduamente, sin descanso, en innovadores proyectos de transformaci\u00f3n digital, los cuales permitir\u00e1n&nbsp;<strong>digitalizar todos los documentos y archivos de la Polic\u00eda Nacional.<\/strong><\/p>\n\n\n\n<p>Fuente: Direcci\u00f3n de Estrategia y Comunicaci\u00f3n<\/p>\n\n\n\n<p>Ministerio Administrativo de la Presidencia de la Rep\u00fablica Dominicana<\/p>\n","protected":false},"excerpt":{"rendered":"<p>diariodominicano.com Santo Domingo, R. D., 2 de marzo, 2023.-&nbsp;La Direcci\u00f3n General de la Polic\u00eda Nacional&nbsp;junto a la&nbsp;Comisi\u00f3n Ejecutiva para la Transformaci\u00f3n y Profesionalizaci\u00f3n de la Polic\u00eda Nacional&nbsp;avanzan de manera eficiente en los trabajos que buscan reformar la instituci\u00f3n del orden p\u00fablico. La Polic\u00eda Nacional, al llegar a su&nbsp;87 aniversario&nbsp;y celebrar, adem\u00e1s, el&nbsp;D\u00eda del Polic\u00eda, recibe [&hellip;]<\/p>\n","protected":false},"author":5,"featured_media":420726,"comment_status":"closed","ping_status":"","sticky":true,"template":"","format":"standard","meta":{"footnotes":""},"categories":[20,29,27],"tags":[],"class_list":["post-420724","post","type-post","status-publish","format-standard","has-post-thumbnail","hentry","category-dominicana-hoy","category-policiasucesos","category-portada"],"_links":{"self":[{"href":"https:\/\/diariodominicano.com\/index.php?rest_route=\/wp\/v2\/posts\/420724","targetHints":{"allow":["GET"]}}],"collection":[{"href":"https:\/\/diariodominicano.com\/index.php?rest_route=\/wp\/v2\/posts"}],"about":[{"href":"https:\/\/diariodominicano.com\/index.php?rest_route=\/wp\/v2\/types\/post"}],"author":[{"embeddable":true,"href":"https:\/\/diariodominicano.com\/index.php?rest_route=\/wp\/v2\/users\/5"}],"replies":[{"embeddable":true,"href":"https:\/\/diariodominicano.com\/index.php?rest_route=%2Fwp%2Fv2%2Fcomments&post=420724"}],"version-history":[{"count":2,"href":"https:\/\/diariodominicano.com\/index.php?rest_route=\/wp\/v2\/posts\/420724\/revisions"}],"predecessor-version":[{"id":420727,"href":"https:\/\/diariodominicano.com\/index.php?rest_route=\/wp\/v2\/posts\/420724\/revisions\/420727"}],"wp:featuredmedia":[{"embeddable":true,"href":"https:\/\/diariodominicano.com\/index.php?rest_route=\/wp\/v2\/media\/420726"}],"wp:attachment":[{"href":"https:\/\/diariodominicano.com\/index.php?rest_route=%2Fwp%2Fv2%2Fmedia&parent=420724"}],"wp:term":[{"taxonomy":"category","embeddable":true,"href":"https:\/\/diariodominicano.com\/index.php?rest_route=%2Fwp%2Fv2%2Fcategories&post=420724"},{"taxonomy":"post_tag","embeddable":true,"href":"https:\/\/diariodominicano.com\/index.php?rest_route=%2Fwp%2Fv2%2Ftags&post=420724"}],"curies":[{"name":"wp","href":"https:\/\/api.w.org\/{rel}","templated":true}]}}