{"id":42071,"date":"2019-09-27T00:21:09","date_gmt":"2019-09-27T00:21:09","guid":{"rendered":"http:\/\/diariodominicano.ddns.net\/?p=42071"},"modified":"2019-09-27T00:21:09","modified_gmt":"2019-09-27T00:21:09","slug":"a-pleno-solmilitares-en-politica","status":"publish","type":"post","link":"https:\/\/diariodominicano.com\/?p=42071","title":{"rendered":"&#13; &#13;&#13;A Pleno Sol&#13;&#13;Militares en pol\u00edtica"},"content":{"rendered":"<p><body><\/p>\n<\/p>\n<p>Por Manuel Hern\u00e1ndez Villeta<\/p>\n<\/p>\n<\/p>\n<p>La Constituci\u00f3n lo proh\u00edbe: los militares no pueden participar en pol\u00edtica. Son los garantes del orden institucional  pero no pueden entrar al redondel pr\u00e1ctico del partidismo. De hecho un segmento de  militares dominicanos son pol\u00edticos, aunque guardan  las normas.<\/p>\n<\/p>\n<p>Ahora otra cosa es que sean militantes partidistas. Un militar si tiene influencias en su cuadro familiar, de amigos y de vecinos  para inducirlos a que voten por un candidato determinado. Ya pas\u00f3 la etapa en que el militar era un ente aislado, que no se juntaba con los civiles y resid\u00eda en barrios con normas castrenses.<\/p>\n<\/p>\n<p>La Constituci\u00f3n es bien clara en el sentido de que los integrantes de los organismos armados no son deliberantes, tienen que tener una postura de obediencia y no pueden realizar actividades pol\u00edticas. La Ley org\u00e1nica de las fuerzas Armadas  proh\u00edbe que los militares sean activistas pol\u00edticos.<\/p>\n<\/p>\n<p>En los gobiernos del doctor Joaqu\u00edn Balaguer los militares jugaban un amplio espectro pol\u00edtico. Los altos oficiales encabezaban actos del Partido Reformista o alentaban a movimientos paralelos.<\/p>\n<\/p>\n<p>Se lleg\u00f3 a la osad\u00eda en un torneo electoral de colocar pa\u00f1uelos coloraos, el color s\u00edmbolo del reformismo, y en el ca\u00f1\u00f3n de los fusiles un trapo rojo. Fue una etapa de politizaci\u00f3n total de las fuerzas armadas. Un hecho que debe quedar en el olvido y no se debe repetir.<\/p>\n<\/p>\n<p>No hay condiciones ahora mismo para que los militares participen en pol\u00edtica. Si  el activismo es un caos para los militantes de los partidos, imag\u00ednese como seria llevar la proclama partidista a los cuarteles.<\/p>\n<\/p>\n<p>Pero a largo plazo se deben hacer las modificaciones constitucionales para que los militares puedan votar, y acondicionar de qu\u00e9 forma ellos podr\u00edan recibir la propaganda pol\u00edtica. No es cuesti\u00f3n de estas elecciones, y quiz\u00e1s de las del 24, pero a largo plazo los militares deben participar en las elecciones.<\/p>\n<\/p>\n<p>Ya en los Estados Unidos y Europa los militares pueden participar en las votaciones, pero para realizar cualquier actividad tienen que vestir de civil, y cuidarse de hacer promoci\u00f3n de sus rangos.<\/p>\n<\/p>\n<p>Pero ahora mismo lo que hay es que respetar la Constituci\u00f3n. Los militares para sus cuarteles, y que dejen a un lado los pronunciamientos pol\u00edticos.  Desde luego, que no se tape el sol con un dedo, los militares en muchas ocasiones son movidos por los hilos de los pol\u00edticos, y directa o indirectamente hacen actividades.<\/p>\n<\/p>\n<p>Lo ideal en este momento es que a los militares se les involucre  en el control de la migraci\u00f3n ilegal haitiana, en programas de asistencia social, en ampliar las tareas de seguridad ciudadana, en ser guardianes del \u00e1rea territorial nacional y sobre todo, en seguir siendo uno de los segmentos m\u00e1s organizados  de la sociedad  dominicana. A lo otro, le llegar\u00e1 su tiempo. \u00a1Ay!, se me acab\u00f3 la tinta.<\/p>\n<\/p>\n<h6> 2019-09-27 00:21:09 <\/h6>\n<p><!--\n<link rel=\"stylesheet\" href=\"css\/bootstrap.min.css\">\n\n\n<ul class=\"pagination\">\n\t    \n\t\n\n<li >\n\t<a href='?page_no=511'>Previous<\/a>\n\t<\/li>\n\n\n       \n    \n\n<li><a href='?page_no=1'>1<\/a><\/li>\n\n\n\n<li><a href='?page_no=2'>2<\/a><\/li>\n\n\n\n<li><a>...<\/a><\/li>\n\n\n\n<li><a href='?page_no=510'>510<\/a><\/li>\n\n\n\n<li><a href='?page_no=511'>511<\/a><\/li>\n\n\n\n<li class='active'><a>512<\/a><\/li>\n\n\n\n<li><a href='?page_no=513'>513<\/a><\/li>\n\n\n\n<li><a href='?page_no=514'>514<\/a><\/li>\n\n\n\n<li><a>...<\/a><\/li>\n\n\n\n<li><a href='?page_no=13611'>13611<\/a><\/li>\n\n\n\n<li><a href='?page_no=13612'>13612<\/a><\/li>\n\n    \n\t\n\n<li >\n\t<a href='?page_no=513'>Next<\/a>\n\t<\/li>\n\n\n    \n\n<li><a href='?page_no=13612'>Last &rsaquo;&rsaquo;<\/a><\/li>\n\n<\/ul>\n\n\n--><br \/>\n<\/body><\/p>\n","protected":false},"excerpt":{"rendered":"<p>Por Manuel Hern\u00e1ndez Villeta La Constituci\u00f3n lo proh\u00edbe: los militares no pueden participar en pol\u00edtica. Son los garantes del orden institucional pero no pueden entrar al redondel pr\u00e1ctico del partidismo. De hecho un segmento de militares dominicanos son pol\u00edticos, aunque guardan las normas. Ahora otra cosa es que sean militantes partidistas. Un militar si tiene [&hellip;]<\/p>\n","protected":false},"author":3,"featured_media":0,"comment_status":"open","ping_status":"open","sticky":false,"template":"","format":"standard","meta":{"footnotes":""},"categories":[16],"tags":[],"class_list":["post-42071","post","type-post","status-publish","format-standard","hentry","category-opiniones"],"_links":{"self":[{"href":"https:\/\/diariodominicano.com\/index.php?rest_route=\/wp\/v2\/posts\/42071","targetHints":{"allow":["GET"]}}],"collection":[{"href":"https:\/\/diariodominicano.com\/index.php?rest_route=\/wp\/v2\/posts"}],"about":[{"href":"https:\/\/diariodominicano.com\/index.php?rest_route=\/wp\/v2\/types\/post"}],"author":[{"embeddable":true,"href":"https:\/\/diariodominicano.com\/index.php?rest_route=\/wp\/v2\/users\/3"}],"replies":[{"embeddable":true,"href":"https:\/\/diariodominicano.com\/index.php?rest_route=%2Fwp%2Fv2%2Fcomments&post=42071"}],"version-history":[{"count":0,"href":"https:\/\/diariodominicano.com\/index.php?rest_route=\/wp\/v2\/posts\/42071\/revisions"}],"wp:attachment":[{"href":"https:\/\/diariodominicano.com\/index.php?rest_route=%2Fwp%2Fv2%2Fmedia&parent=42071"}],"wp:term":[{"taxonomy":"category","embeddable":true,"href":"https:\/\/diariodominicano.com\/index.php?rest_route=%2Fwp%2Fv2%2Fcategories&post=42071"},{"taxonomy":"post_tag","embeddable":true,"href":"https:\/\/diariodominicano.com\/index.php?rest_route=%2Fwp%2Fv2%2Ftags&post=42071"}],"curies":[{"name":"wp","href":"https:\/\/api.w.org\/{rel}","templated":true}]}}