{"id":420619,"date":"2023-03-02T18:28:41","date_gmt":"2023-03-02T22:28:41","guid":{"rendered":"http:\/\/diariodominicano.com\/?p=420619"},"modified":"2023-03-02T18:28:41","modified_gmt":"2023-03-02T22:28:41","slug":"ministro-paliza-pasa-balance-a-las-ejecutorias-del-gobierno-en-la-provincia-la-altagracia","status":"publish","type":"post","link":"https:\/\/diariodominicano.com\/?p=420619","title":{"rendered":"Ministro Paliza pasa balance a las ejecutorias del gobierno en la provincia La Altagracia"},"content":{"rendered":"\n<p>diariodominicano.com<\/p>\n\n\n\n<p>Hig\u00fcey, La Altagracia, R. D.,  2 de marzo, 2023.-\u00a0<strong>El Ministro Administrativo de la Presidencia, Jos\u00e9 Ignacio Paliza<\/strong>\u00a0se traslad\u00f3 este jueves a esta provincia para encabezar un encuentro con representantes de diferentes organizaciones de la sociedad, donde se pas\u00f3\u00a0<strong>balance a las ejecutorias que encabeza el gobierno del Presidente Luis Abinader.<\/strong><\/p>\n\n\n\n<p><em>\u201cEstamos aqu\u00ed para escuchar un poco; luego del paso del hurac\u00e1n Fiona se realizaron importantes esfuerzos en esta provincia y es oportuno ver d\u00f3nde estamos, qu\u00e9 nos falta y cu\u00e1les proyectos est\u00e1n pendientes para lograr una agenda integral\u201d,<\/em>&nbsp;dijo el Ministro.<\/p>\n\n\n\n<p>Paliza realiz\u00f3 una llamada telef\u00f3nica al&nbsp;<strong>Ministro de la Vivienda y Edificaciones, Carlos Bonilla,<\/strong>&nbsp;para conocer de los avances del&nbsp;<strong>hospital Ver\u00f3n &#8211; Punta Cana<\/strong>&nbsp;y se le inform\u00f3 que los mismos estar\u00edan finalizados en el mes de junio, respuesta que recibi\u00f3 una gran ovaci\u00f3n de los presentes.<\/p>\n\n\n\n<p>En la actividad hablaron representantes del Cl\u00faster Tur\u00edstico, el presidente de la Federaci\u00f3n Agropecuaria de La Altagracia, de la Federaci\u00f3n de Juntas de Vecinos y de la Asociaci\u00f3n de las Mujeres Artesanas, entre otros.<\/p>\n\n\n\n<p>Por otro lado, Paliza se comprometi\u00f3 con los representantes de la Federaci\u00f3n Agropecuaria para gestionar los recursos que ser\u00e1n utilizados para la&nbsp;<strong>construcci\u00f3n de una Plaza Agropecuaria de la Altagracia.&nbsp;<\/strong>Tambi\u00e9n gestionar\u00e1 los aportes para el&nbsp;<strong>remozamiento del local del Ayuntamiento<\/strong>&nbsp;del municipio San Rafael del Yuma.<\/p>\n\n\n\n<p>Asimismo, se comprometi\u00f3 a gestionar la entrega de&nbsp;<strong>5 camiones compactadores para la recolecci\u00f3n de los desechos s\u00f3lidos<\/strong>, 3 para el municipio de Hig\u00fcey y 2 para el distrito municipal La Otra Banda, adem\u00e1s de un aporte para el tradicional&nbsp;<strong>Festival de la Yuca<\/strong>&nbsp;que se celebra cada a\u00f1o.<\/p>\n\n\n\n<p>Por su parte,&nbsp;<strong>Luis Bastardo<\/strong>, viceministro de Obras P\u00fablicas y Comunicaciones, dio a conocer los&nbsp;<strong>avances en materia vial<\/strong>, respecto a lo cual se refiri\u00f3 a la construcci\u00f3n de la carretera y sus respectivos puentes para comunicar El Mamey &#8211; Las Yayas, la carretera con sus puentes en Jobo Dulce y el primer picazo del puente de la comunidad Anamuya. Est\u00e1 en proyecci\u00f3n la circunvalaci\u00f3n Ver\u00f3n &#8211; B\u00e1varo- Punta Cana.<\/p>\n\n\n\n<p>El Ministro estuvo acompa\u00f1ado por gobernadora civil, Martina Pep\u00e9n Santana; el senador Virgilio Cedano; el alcalde del municipio de Hig\u00fcey, Rafael Bar\u00f3n Duluc (Cholit\u00edn); el alcalde del municipio de San Rafael del Yuma, Francisco Rodr\u00edguez; los diputados Francisco Solim\u00e1n Rijo, Francisco Villegas y Aida Nilsa L\u00f3pez Reina, as\u00ed como los viceministros de la Presidencia, Scarlet Benza\u00e1n y Ovi Sald\u00edvar.<\/p>\n\n\n\n<p>Fuente: Direcci\u00f3n de Estrategia y Comunicaci\u00f3n<\/p>\n\n\n\n<p>Ministerio Administrativo de la Presidencia de la Rep\u00fablica Dominicana<\/p>\n","protected":false},"excerpt":{"rendered":"<p>diariodominicano.com Hig\u00fcey, La Altagracia, R. D., 2 de marzo, 2023.-\u00a0El Ministro Administrativo de la Presidencia, Jos\u00e9 Ignacio Paliza\u00a0se traslad\u00f3 este jueves a esta provincia para encabezar un encuentro con representantes de diferentes organizaciones de la sociedad, donde se pas\u00f3\u00a0balance a las ejecutorias que encabeza el gobierno del Presidente Luis Abinader. \u201cEstamos aqu\u00ed para escuchar un [&hellip;]<\/p>\n","protected":false},"author":5,"featured_media":420621,"comment_status":"closed","ping_status":"","sticky":true,"template":"","format":"standard","meta":{"footnotes":""},"categories":[20,27],"tags":[],"class_list":["post-420619","post","type-post","status-publish","format-standard","has-post-thumbnail","hentry","category-dominicana-hoy","category-portada"],"_links":{"self":[{"href":"https:\/\/diariodominicano.com\/index.php?rest_route=\/wp\/v2\/posts\/420619","targetHints":{"allow":["GET"]}}],"collection":[{"href":"https:\/\/diariodominicano.com\/index.php?rest_route=\/wp\/v2\/posts"}],"about":[{"href":"https:\/\/diariodominicano.com\/index.php?rest_route=\/wp\/v2\/types\/post"}],"author":[{"embeddable":true,"href":"https:\/\/diariodominicano.com\/index.php?rest_route=\/wp\/v2\/users\/5"}],"replies":[{"embeddable":true,"href":"https:\/\/diariodominicano.com\/index.php?rest_route=%2Fwp%2Fv2%2Fcomments&post=420619"}],"version-history":[{"count":1,"href":"https:\/\/diariodominicano.com\/index.php?rest_route=\/wp\/v2\/posts\/420619\/revisions"}],"predecessor-version":[{"id":420622,"href":"https:\/\/diariodominicano.com\/index.php?rest_route=\/wp\/v2\/posts\/420619\/revisions\/420622"}],"wp:featuredmedia":[{"embeddable":true,"href":"https:\/\/diariodominicano.com\/index.php?rest_route=\/wp\/v2\/media\/420621"}],"wp:attachment":[{"href":"https:\/\/diariodominicano.com\/index.php?rest_route=%2Fwp%2Fv2%2Fmedia&parent=420619"}],"wp:term":[{"taxonomy":"category","embeddable":true,"href":"https:\/\/diariodominicano.com\/index.php?rest_route=%2Fwp%2Fv2%2Fcategories&post=420619"},{"taxonomy":"post_tag","embeddable":true,"href":"https:\/\/diariodominicano.com\/index.php?rest_route=%2Fwp%2Fv2%2Ftags&post=420619"}],"curies":[{"name":"wp","href":"https:\/\/api.w.org\/{rel}","templated":true}]}}