{"id":420524,"date":"2023-03-02T13:33:39","date_gmt":"2023-03-02T17:33:39","guid":{"rendered":"http:\/\/diariodominicano.com\/?p=420524"},"modified":"2023-03-02T16:25:03","modified_gmt":"2023-03-02T20:25:03","slug":"fiscalia-de-sde-obtiene-20-y-15-anos-de-prision-contra-cuatro-hombres-que-provocaron-muerte-a-un-agente-policial-y-heridas-a-otro","status":"publish","type":"post","link":"https:\/\/diariodominicano.com\/?p=420524","title":{"rendered":"Condenan a 20 y 15 a\u00f1os de prisi\u00f3n a cuatro hombres que mataron a un agente policial y ocasionaron heridas a otro"},"content":{"rendered":"\n<p>diariodominicano.com<\/p>\n\n\n\n<p>Santo Domingo Este,  R. D.,  2 de marzo, 2023.-  ca Dominicana).- El Ministerio P\u00fablico de Santo Domingo Este y Norte obtuvo condenas de 20 y 15 a\u00f1os de prisi\u00f3n contra cuatro hombres que le provocaron la muerte a un agente de la Polic\u00eda Nacional y heridas a otro que le acompa\u00f1aba, en un hecho ocurrido&nbsp; durante la celebraci\u00f3n de una fiesta en el Ensanche Isabelita.El Segundo Tribunal Colegiado de Santo Domingo Este, que preside la jueza Josefina Ubiera, conden\u00f3 a 20 a\u00f1os de prisi\u00f3n a Manuel Adames S\u00e1nchez y\/o Luis Manuel Adames, mientras que 15 a\u00f1os impuso a Enelsido Reyes Obispo (Mameyon), Yeicol Amable Contreras (Yeicol) y G\u00e9nesis Jos\u00e9 Romero de la Cruz (Jochy).<\/p>\n\n\n\n<p>El grupo, que cumplir\u00e1 la sentencia en la Penitenciar\u00eda Nacional de La Victoria, fue hallado culpable de ocasionarle la muerte al raso policial Yeuri Flori\u00e1n Reyes y provocarle heridas de gravedad a Adriam F\u00e9lix Garc\u00eda Burdier, quien le acompa\u00f1aba al momento en que ocurri\u00f3 el hecho.<\/p>\n\n\n\n<p>El expediente instrumentado por el fiscal investigador Wilson D\u00edaz Maldonado, establece que el hecho se produjo en horas de la madrugada del 21 de diciembre de 2020, mientras se celebraba una fiesta en una calle pr\u00f3ximo a un parque del Ensanche Isabelita, donde se encontraban Flori\u00e1n Reyes y Garc\u00eda Burdier.<\/p>\n\n\n\n<p>Detalla que Flori\u00e1n Reyes agarr\u00f3 por el t-shirt a una persona, a\u00fan desconocida, realizando a la vez varios disparos al suelo y al aire. Luego, el agente sali\u00f3 corriendo en la moto que conduc\u00eda, mientras que su compa\u00f1ero Adriam Burdier conduc\u00eda otra moto, siendo ambos perseguidos por una multitud de personas.<\/p>\n\n\n\n<p>Entre la multitud se encontraban, Manuel Adames S\u00e1nchez y\/o Luis Manuel Adames, quien abord\u00f3 su carro marca Toyota y dio persecuci\u00f3n a las v\u00edctimas, logrando impactar a Adriam Burdier, quien cay\u00f3 al pavimento. Los procesados y otras personas que se encontraban en el lugar al momento del hecho lo golpearon hasta dejarlo por muerto.<\/p>\n\n\n\n<p>Unos metros m\u00e1s adelante, el acusado Manuel Adames S\u00e1nchez tambi\u00e9n impact\u00f3 al hoy occiso Flori\u00e1n Reyes, a qui\u00e9n invisti\u00f3 con el carro que conduc\u00eda, justo en el momento en que llegaron los dem\u00e1s condenados y lo golpearon de manera salvaje.<\/p>\n\n\n\n<p>No conforme con la agresi\u00f3n, Adames dio reversa, pas\u00e1ndole por encima varias veces a la v\u00edctima, quien falleci\u00f3 cuando era conducido a un hospital. Tras su deceso fue despojado del arma de reglamento, motocicleta y dinero en efectivo.<\/p>\n\n\n\n<p>Durante el juicio, el fiscal litigante Ignacio Rojas, demostr\u00f3 que los hoy condenados cometieron homicidio voluntario, tentativa de homicidio y asociaci\u00f3n de malhechores, en violaci\u00f3n a los art\u00edculos 2, 265, 266, 295, 304, 379, 382, 383 y 385 del C\u00f3digo Penal Dominicano y los art\u00edculos 83 y 86 de la Ley 631-16 para el Control y Regulaci\u00f3n de Armas, Municiones y Materiales Relacionados.<\/p>\n\n\n\n<p>Fuente:  Direcci\u00f3n General de Comunicaci\u00f3n, Prensa, y RRPP<\/p>\n\n\n\n<p>Ministerio P\u00fablico.&nbsp;R.D.<\/p>\n\n\n\n<p>Jueves, 2 de marzo de 2023.<\/p>\n","protected":false},"excerpt":{"rendered":"<p>diariodominicano.com Santo Domingo Este, R. D., 2 de marzo, 2023.- ca Dominicana).- El Ministerio P\u00fablico de Santo Domingo Este y Norte obtuvo condenas de 20 y 15 a\u00f1os de prisi\u00f3n contra cuatro hombres que le provocaron la muerte a un agente de la Polic\u00eda Nacional y heridas a otro que le acompa\u00f1aba, en un hecho [&hellip;]<\/p>\n","protected":false},"author":5,"featured_media":321715,"comment_status":"closed","ping_status":"","sticky":true,"template":"","format":"standard","meta":{"footnotes":""},"categories":[24,29,27],"tags":[],"class_list":["post-420524","post","type-post","status-publish","format-standard","has-post-thumbnail","hentry","category-justicia-y-derecho","category-policiasucesos","category-portada"],"_links":{"self":[{"href":"https:\/\/diariodominicano.com\/index.php?rest_route=\/wp\/v2\/posts\/420524","targetHints":{"allow":["GET"]}}],"collection":[{"href":"https:\/\/diariodominicano.com\/index.php?rest_route=\/wp\/v2\/posts"}],"about":[{"href":"https:\/\/diariodominicano.com\/index.php?rest_route=\/wp\/v2\/types\/post"}],"author":[{"embeddable":true,"href":"https:\/\/diariodominicano.com\/index.php?rest_route=\/wp\/v2\/users\/5"}],"replies":[{"embeddable":true,"href":"https:\/\/diariodominicano.com\/index.php?rest_route=%2Fwp%2Fv2%2Fcomments&post=420524"}],"version-history":[{"count":3,"href":"https:\/\/diariodominicano.com\/index.php?rest_route=\/wp\/v2\/posts\/420524\/revisions"}],"predecessor-version":[{"id":420537,"href":"https:\/\/diariodominicano.com\/index.php?rest_route=\/wp\/v2\/posts\/420524\/revisions\/420537"}],"wp:featuredmedia":[{"embeddable":true,"href":"https:\/\/diariodominicano.com\/index.php?rest_route=\/wp\/v2\/media\/321715"}],"wp:attachment":[{"href":"https:\/\/diariodominicano.com\/index.php?rest_route=%2Fwp%2Fv2%2Fmedia&parent=420524"}],"wp:term":[{"taxonomy":"category","embeddable":true,"href":"https:\/\/diariodominicano.com\/index.php?rest_route=%2Fwp%2Fv2%2Fcategories&post=420524"},{"taxonomy":"post_tag","embeddable":true,"href":"https:\/\/diariodominicano.com\/index.php?rest_route=%2Fwp%2Fv2%2Ftags&post=420524"}],"curies":[{"name":"wp","href":"https:\/\/api.w.org\/{rel}","templated":true}]}}