{"id":420259,"date":"2023-03-01T13:16:54","date_gmt":"2023-03-01T17:16:54","guid":{"rendered":"http:\/\/diariodominicano.com\/?p=420259"},"modified":"2023-03-01T13:16:54","modified_gmt":"2023-03-01T17:16:54","slug":"pn-recupera-en-tiempo-record-dos-vehiculos-e-igual-numero-de-celulares-sustraidos-en-santiago","status":"publish","type":"post","link":"https:\/\/diariodominicano.com\/?p=420259","title":{"rendered":"PN recupera en tiempo record dos veh\u00edculos e igual n\u00famero de celulares sustra\u00eddos en Santiago"},"content":{"rendered":"\n<p>diariodominicano.com<\/p>\n\n\n\n<p><strong>Santiago,  R. D., 1 de Marzo\u00a0\u00a0del 2023.-<\/strong>\u00a0D\u00e1ndole seguimiento a denuncias presentadas por ciudadanos v\u00edctimas de robo de veh\u00edculos y celulares, agentes policiales investigativos y preventivos de esta jurisdicci\u00f3n, recuperaron en tiempo record dos autom\u00f3viles e igual n\u00famero de celulares en diferentes sectores de esta ciudad.<\/p>\n\n\n\n<p>Entre los veh\u00edculos recuperados figura la camioneta marca Nissan, modelo bavalfab 13SWAR, color dorado a\u00f1o 1994, placa&nbsp;&nbsp;No. A157315, chasis&nbsp;&nbsp;No. BCAB13514231, recuperada abandonada en la calle 1, del sector Gurabito, la misma presenta denuncia como sustra\u00edda ayer martes, interpuesta por el se\u00f1or&nbsp;&nbsp;Pedro Antonio Adbrincole Evangelista.<\/p>\n\n\n\n<p>De igual forma, en&nbsp;&nbsp;el sector Ensanche Berm\u00fadez, fue localizado el veh\u00edculo marca Toyota, modelo Camry ce, color negro, a\u00f1o 1995, placa No. A355595, chasis No. 4T1SK11E4SU535522, el mismo al ser depurado en nuestro centro de c\u00f3mputos, figura con denuncia como robado mediante descuido el 26-02-2023, interpuesta por el se\u00f1or Jorge Rosario Garc\u00eda, en los Salados Viejo.<\/p>\n\n\n\n<p>En otro orden fueron recuperados dos celulares marca&nbsp;&nbsp;iphone que hab\u00edan sido reportados como despojados a ciudadanos,&nbsp;&nbsp;en los sectores de&nbsp;&nbsp;Gurabito y Cienfuegos el pasado lunes y ayer martes.<\/p>\n\n\n\n<p>Todo lo ocupado est\u00e1 en poder de los departamentos correspondientes para los fines correspondientes de ley.<\/p>\n\n\n\n<p>Fuente:  <strong>OFICINA DE INFORMACI\u00d3N Y COMUNICACIONES ESTRAT\u00c9GICAS DIRECCI\u00d3N REGIONAL CIBAO CENTRAL DE LA POLIC\u00cdA NACIONAL.<\/strong><\/p>\n","protected":false},"excerpt":{"rendered":"<p>diariodominicano.com Santiago, R. D., 1 de Marzo\u00a0\u00a0del 2023.-\u00a0D\u00e1ndole seguimiento a denuncias presentadas por ciudadanos v\u00edctimas de robo de veh\u00edculos y celulares, agentes policiales investigativos y preventivos de esta jurisdicci\u00f3n, recuperaron en tiempo record dos autom\u00f3viles e igual n\u00famero de celulares en diferentes sectores de esta ciudad. Entre los veh\u00edculos recuperados figura la camioneta marca Nissan, [&hellip;]<\/p>\n","protected":false},"author":5,"featured_media":262527,"comment_status":"closed","ping_status":"","sticky":true,"template":"","format":"standard","meta":{"footnotes":""},"categories":[29,27],"tags":[],"class_list":["post-420259","post","type-post","status-publish","format-standard","has-post-thumbnail","hentry","category-policiasucesos","category-portada"],"_links":{"self":[{"href":"https:\/\/diariodominicano.com\/index.php?rest_route=\/wp\/v2\/posts\/420259","targetHints":{"allow":["GET"]}}],"collection":[{"href":"https:\/\/diariodominicano.com\/index.php?rest_route=\/wp\/v2\/posts"}],"about":[{"href":"https:\/\/diariodominicano.com\/index.php?rest_route=\/wp\/v2\/types\/post"}],"author":[{"embeddable":true,"href":"https:\/\/diariodominicano.com\/index.php?rest_route=\/wp\/v2\/users\/5"}],"replies":[{"embeddable":true,"href":"https:\/\/diariodominicano.com\/index.php?rest_route=%2Fwp%2Fv2%2Fcomments&post=420259"}],"version-history":[{"count":1,"href":"https:\/\/diariodominicano.com\/index.php?rest_route=\/wp\/v2\/posts\/420259\/revisions"}],"predecessor-version":[{"id":420260,"href":"https:\/\/diariodominicano.com\/index.php?rest_route=\/wp\/v2\/posts\/420259\/revisions\/420260"}],"wp:featuredmedia":[{"embeddable":true,"href":"https:\/\/diariodominicano.com\/index.php?rest_route=\/wp\/v2\/media\/262527"}],"wp:attachment":[{"href":"https:\/\/diariodominicano.com\/index.php?rest_route=%2Fwp%2Fv2%2Fmedia&parent=420259"}],"wp:term":[{"taxonomy":"category","embeddable":true,"href":"https:\/\/diariodominicano.com\/index.php?rest_route=%2Fwp%2Fv2%2Fcategories&post=420259"},{"taxonomy":"post_tag","embeddable":true,"href":"https:\/\/diariodominicano.com\/index.php?rest_route=%2Fwp%2Fv2%2Ftags&post=420259"}],"curies":[{"name":"wp","href":"https:\/\/api.w.org\/{rel}","templated":true}]}}