{"id":420177,"date":"2023-03-01T09:37:46","date_gmt":"2023-03-01T13:37:46","guid":{"rendered":"http:\/\/diariodominicano.com\/?p=420177"},"modified":"2023-03-01T09:38:28","modified_gmt":"2023-03-01T13:38:28","slug":"cespedes-pena-dice-soborno-podria-ocultar-informaciones-en-el-9-1-1-de-santiago","status":"publish","type":"post","link":"https:\/\/diariodominicano.com\/?p=420177","title":{"rendered":"C\u00e9spedes Pe\u00f1a dice soborno podr\u00eda ocultar informaciones en el 9-1-1 de Santiago"},"content":{"rendered":"\n<p> <strong>Luis C\u00e9spedes Pe\u00f1a<\/strong> <\/p>\n\n\n\n<p><\/p>\n\n\n\n<p>SANTIAGO.- <strong>El periodista Luis C\u00e9spedes Pe\u00f1a<\/strong>, padre de Luis Norberto C\u00e9spedes Vega, dijo no descartar\u00a0\u00a0las versiones que circulan en Tamboril, donde fue muerto su hijo usando un veh\u00edculo, en el sentido de que hay un sector interesado que podr\u00eda estar pagando dinero o ejerciendo cierta influencia en servidores del 9-1-1, para que ese organismo no les revele a las\u00a0\u00a0autoridades judiciales las informaciones requeridas, las cuales ayudar\u00edan a aclarar el caso.\u00a0\u00a0<\/p>\n\n\n\n<p>Explic\u00f3 que desde que ocurri\u00f3 el hecho, el 2 de Noviembre del 2022, tres fiscales, dos asignados al Juzgado de Paz de Tamboril, y un tercero designado por el fiscal general de Santiago, Osvaldo Bonilla, le solicitaron al 9-1-1 la revisi\u00f3n de las dos c\u00e1maras que tiene en el sector donde ocurri\u00f3 la tragedia, pero esa entidad oficial no da ninguna respuesta.<\/p>\n\n\n\n<p>Precis\u00f3 que el caso ocurri\u00f3 dentro del \u00e1rea del Repuesto Nacho, de Tamboril, donde su hijo reparaba una pasola y ya montado en \u00e9sta, el veh\u00edculo vinculado al caso, lo choc\u00f3. El conductor huy\u00f3 y sigue huyendo, por lo que no se sabe si fue un homicidio voluntario o un accidente de tr\u00e1nsito.&nbsp;<\/p>\n\n\n\n<p>Las primeras solicitudes de los fiscales al 9-1-1, todas por escrito, fueron hechas por el magistrado Ram\u00f3n Ure\u00f1a, que fue trasladado a prestar servicios a Santiago de los Caballeros, sin obtener ninguna respuesta.<\/p>\n\n\n\n<p>C\u00e9spedes Pe\u00f1a indic\u00f3 que despu\u00e9s&nbsp;&nbsp;de esas solicitudes, el actual fiscal de Tamboril, Manuel G\u00fcichardo, le envi\u00f3 al 9-1-1 otra comunicaci\u00f3n, pero se la devolvieron diciendo en Santiago que estaba mal dirigida. Indic\u00f3 que el magistrado luego le envi\u00f3 otra, con las especificaciones solicitadas por el 9-1-1, pero tampoco hubo respuesta. \u00c9sta \u00faltima sucedi\u00f3 el 3 de Enero de este a\u00f1o.<\/p>\n\n\n\n<p>El profesional de la comunicaci\u00f3n manifest\u00f3 que observando los inconvenientes, es que el fiscal general de Santiago asume la investigaci\u00f3n, designando a su ayudante, el magistrado Mario Almonte, pero \u00e9ste tampoco logr\u00f3 ninguna informaci\u00f3n del 9-1-1.<\/p>\n\n\n\n<p>El denunciante afirma que al 9-1-1 se le inform\u00f3 de&nbsp;&nbsp;todas las generales del veh\u00edculo y la hora aproximada del hecho, excepto un dato, que debe ser aportado por las c\u00e1maras. \u201cAl d\u00eda de hoy, ya tenemos el 99 por ciento de las investigaciones documentales\u201d, agreg\u00f3 C\u00e9spedes Pe\u00f1a.<\/p>\n\n\n\n<p>Declar\u00f3 que la actitud del 9-1-1, es lo que hace sospechar en Tamboril, cada d\u00eda m\u00e1s, que podr\u00eda haber soborno a algunas autoridades o t\u00e9cnicos de ese organismo o una gran influencia de alguna persona del Estado, para favorecer al o los culpables de la muerte de su hijo.<\/p>\n\n\n\n<p>Dijo que en la hoy Avenida Luis Rafael Abinader, antigua Calle Real de Tamboril, hay instaladas seis c\u00e1maras (cuatro privadas y dos del 9-1-1), pero no hay forma de establecer responsabilidades en contra del o los autores del caso.<\/p>\n\n\n\n<p>El periodista C\u00e9spedes Pe\u00f1a detall\u00f3 que las dos c\u00e1maras del 9-1-1 que hay a unos metros del lugar del hecho, a la entrada de la llamada Zona Rebelde, cubren los frentes de los veh\u00edculos, las partes traseras y ambos lados, por lo que hasta las personas que ocupan los mismos, pueden ser vistas.<\/p>\n\n\n\n<p>Inform\u00f3 que solicit\u00f3 a las direcciones del Colegio Dominicano de Periodistas (CDP), el Sindicato Nacional de Trabajadores de la Prensa (SNTP) y a la Fundaci\u00f3n Periodismo en Reflexi\u00f3n, como a otras instituciones del sector de la comunicaci\u00f3n, asumir la continuidad de la defensa del caso.<\/p>\n\n\n\n<p>El comunicador dijo que no hay ninguna duda de que ese hecho podr\u00eda afectar los prop\u00f3sitos reeleccionistas del Presidente Luis Abinader, debido a que se une a la campa\u00f1a de inseguridad que existe en el pa\u00eds, pero que en este caso, el mayor da\u00f1o se le estar\u00eda haciendo al gobernante el 9-1-1, por su evidente complicidad, a prop\u00f3sito o no, con el o los culpables de la muerte de Luis Norberto C\u00e9spedes Vega, su hijo.\u00a0\u00a0\u00a0<\/p>\n\n\n\n<p>Luis C\u00e9spedes Pe\u00f1a<a target=\"_blank\" href=\"mailto:luiscespedesp49@gmail.com\" rel=\"noreferrer noopener\">luiscespedesp49@gmail.com<\/a><\/p>\n","protected":false},"excerpt":{"rendered":"<p>Luis C\u00e9spedes Pe\u00f1a SANTIAGO.- El periodista Luis C\u00e9spedes Pe\u00f1a, padre de Luis Norberto C\u00e9spedes Vega, dijo no descartar\u00a0\u00a0las versiones que circulan en Tamboril, donde fue muerto su hijo usando un veh\u00edculo, en el sentido de que hay un sector interesado que podr\u00eda estar pagando dinero o ejerciendo cierta influencia en servidores del 9-1-1, para que [&hellip;]<\/p>\n","protected":false},"author":28,"featured_media":420178,"comment_status":"closed","ping_status":"","sticky":true,"template":"","format":"standard","meta":{"footnotes":""},"categories":[20,29,27],"tags":[],"class_list":["post-420177","post","type-post","status-publish","format-standard","has-post-thumbnail","hentry","category-dominicana-hoy","category-policiasucesos","category-portada"],"_links":{"self":[{"href":"https:\/\/diariodominicano.com\/index.php?rest_route=\/wp\/v2\/posts\/420177","targetHints":{"allow":["GET"]}}],"collection":[{"href":"https:\/\/diariodominicano.com\/index.php?rest_route=\/wp\/v2\/posts"}],"about":[{"href":"https:\/\/diariodominicano.com\/index.php?rest_route=\/wp\/v2\/types\/post"}],"author":[{"embeddable":true,"href":"https:\/\/diariodominicano.com\/index.php?rest_route=\/wp\/v2\/users\/28"}],"replies":[{"embeddable":true,"href":"https:\/\/diariodominicano.com\/index.php?rest_route=%2Fwp%2Fv2%2Fcomments&post=420177"}],"version-history":[{"count":3,"href":"https:\/\/diariodominicano.com\/index.php?rest_route=\/wp\/v2\/posts\/420177\/revisions"}],"predecessor-version":[{"id":420181,"href":"https:\/\/diariodominicano.com\/index.php?rest_route=\/wp\/v2\/posts\/420177\/revisions\/420181"}],"wp:featuredmedia":[{"embeddable":true,"href":"https:\/\/diariodominicano.com\/index.php?rest_route=\/wp\/v2\/media\/420178"}],"wp:attachment":[{"href":"https:\/\/diariodominicano.com\/index.php?rest_route=%2Fwp%2Fv2%2Fmedia&parent=420177"}],"wp:term":[{"taxonomy":"category","embeddable":true,"href":"https:\/\/diariodominicano.com\/index.php?rest_route=%2Fwp%2Fv2%2Fcategories&post=420177"},{"taxonomy":"post_tag","embeddable":true,"href":"https:\/\/diariodominicano.com\/index.php?rest_route=%2Fwp%2Fv2%2Ftags&post=420177"}],"curies":[{"name":"wp","href":"https:\/\/api.w.org\/{rel}","templated":true}]}}