{"id":420105,"date":"2023-02-28T21:12:33","date_gmt":"2023-03-01T01:12:33","guid":{"rendered":"http:\/\/diariodominicano.com\/?p=420105"},"modified":"2023-02-28T21:12:33","modified_gmt":"2023-03-01T01:12:33","slug":"fiscalia-sdo-solicita-prision-preventiva-contra-implicado-en-asesinato-de-la-pareja-de-esposos-de-la-guayiga","status":"publish","type":"post","link":"https:\/\/diariodominicano.com\/?p=420105","title":{"rendered":"Fiscal\u00eda SDO solicita prisi\u00f3n preventiva contra implicado en asesinato de la pareja de esposos de La Gu\u00e1yiga"},"content":{"rendered":"\n<p><em><u>El Juzgado de Atenci\u00f3n Permanente de esta jurisdicci\u00f3n aplaz\u00f3 la audiencia para el pr\u00f3ximo jueves<\/u><\/em><\/p>\n\n\n\n<p>SANTO DOMINGO, Rep\u00fablica Dominicana.- El Ministerio P\u00fablico de Santo Domingo Oeste solicit\u00f3 la imposici\u00f3n de prisi\u00f3n preventiva en contra de Jos\u00e9 Alfredo Ventura Tupete, imputado de actuar en complicidad de asociaci\u00f3n de malhechores con otras personas para cometer el asesinato de los esposos Luis Miguel J\u00e1quez Rodr\u00edguez y Elizabeth Almarante Pacheco, quienes resid\u00edan en el sector La Gu\u00e1yiga.<\/p>\n\n\n\n<p><\/p>\n\n\n\n<p>La jueza Cecilia Toribio, de la Oficina Judicial de Servicios de Atenci\u00f3n Permanente de Santo Domingo Oeste, aplaz\u00f3 para el pr\u00f3ximo jueves la audiencia para el conocimiento de la medida de coerci\u00f3n, luego de acoger una solicitud de la defensa del imputado, que pidi\u00f3 m\u00e1s tiempo para presentar presupuestos.<\/p>\n\n\n\n<p>A ra\u00edz de una labor preventiva y de inteligencia por parte de las autoridades, se estableci\u00f3 la vinculaci\u00f3n del imputado Ventura Tupete con la muerte de la pareja de esposos.<\/p>\n\n\n\n<p>Al caso tambi\u00e9n est\u00e1n vinculados los pr\u00f3fugos Dylan Alberto Ortiz, Leonardo M\u00e9ndez Mojica, Eddy Manuel \u00c1lvarez Ram\u00edrez (Moreno y\/o Ni\u00f1o), Jos\u00e9 Miguel \u00c1lvarez Ram\u00edrez (Bebe).<\/p>\n\n\n\n<p>La instituci\u00f3n record\u00f3 que el 24 de enero del presente a\u00f1o, en horas de la madrugada, los esposos Luis Miguel J\u00e1quez Rodr\u00edguez y Elizabeth Almarante Pacheco desaparecieron de la calle El Progreso, en el sector La Gu\u00e1yiga, ubicado en el Km 22 de la Autopista Duarte, municipio Pedro Brand, por lo que los miembros de la Unidad de Desaparecidos de la Polic\u00eda Nacional y dirigidos por el Ministerio P\u00fablico iniciaron las investigaciones.<\/p>\n\n\n\n<p>Posterior a los hechos, las autoridades dieron seguimiento a un veh\u00edculo marca Hyundai, modelo Tucson (2020), yip de color gris, chasis KMHJ2813BLU147622, placa G496783, el cual hab\u00eda sido utilizado para transportar a la pareja de esposos, por lo que se determin\u00f3 que este fue rentado al se\u00f1or Alfredo Antonio Nova P\u00e9rez.<\/p>\n\n\n\n<p>Las investigaciones dirigidas por el Ministerio P\u00fablico establecen que el pr\u00f3fugo Leonardo M\u00e9ndez Mojica hab\u00eda rentado el veh\u00edculo antes mencionado desde el 21 al 27 de enero del presente a\u00f1o, y que este al ser entregado de manera voluntaria a las autoridades por el se\u00f1or Alfredo Antonio Nova P\u00e9rez, responsable del veh\u00edculo, se ejecutaron varias inspecciones que arrojaron el lugar donde se encontraron los cuerpos sin vida de la pareja de esposos.<\/p>\n\n\n\n<p>El cuerpo del hoy occiso Miguel Jaqu\u00e9z Rodr\u00edguez fue encontrado completamente atado con cintas pegantes transparentes y el cad\u00e1ver de la se\u00f1ora Elizabeth Almarante Pacheco estaba igualmente atado con este mismo tipo de cinta pegante y con dos tie wrap color negro.<\/p>\n\n\n\n<p>EI Ministerio P\u00fablico les ha asignado a los hechos indicados la calificaci\u00f3n jur\u00eddica provisional de complicidad para cometer homicidios, hechos descritos y sancionados por los art\u00edculos 59, 60, 61, 62 295, 297, 298 y 302 del C\u00f3digo Penal Dominicano, 3, numeral 8, 66, 67, 83, 86, de la ley 631-2016, para el Control y Regulaci\u00f3n de Armas, Municiones y Materiales Relacionados en la Rep\u00fablica Dominicana.&nbsp;<\/p>\n\n\n\n<p>Direcci\u00f3n General de Comunicaci\u00f3n, Prensa, y RRPP<\/p>\n\n\n\n<p>Ministerio P\u00fablico.&nbsp;R.D.<\/p>\n\n\n\n<p>Martes, 28 de febrero de 2023.<\/p>\n","protected":false},"excerpt":{"rendered":"<p>El Juzgado de Atenci\u00f3n Permanente de esta jurisdicci\u00f3n aplaz\u00f3 la audiencia para el pr\u00f3ximo jueves SANTO DOMINGO, Rep\u00fablica Dominicana.- El Ministerio P\u00fablico de Santo Domingo Oeste solicit\u00f3 la imposici\u00f3n de prisi\u00f3n preventiva en contra de Jos\u00e9 Alfredo Ventura Tupete, imputado de actuar en complicidad de asociaci\u00f3n de malhechores con otras personas para cometer el asesinato [&hellip;]<\/p>\n","protected":false},"author":28,"featured_media":329468,"comment_status":"closed","ping_status":"","sticky":true,"template":"","format":"standard","meta":{"footnotes":""},"categories":[24,29,27],"tags":[],"class_list":["post-420105","post","type-post","status-publish","format-standard","has-post-thumbnail","hentry","category-justicia-y-derecho","category-policiasucesos","category-portada"],"_links":{"self":[{"href":"https:\/\/diariodominicano.com\/index.php?rest_route=\/wp\/v2\/posts\/420105","targetHints":{"allow":["GET"]}}],"collection":[{"href":"https:\/\/diariodominicano.com\/index.php?rest_route=\/wp\/v2\/posts"}],"about":[{"href":"https:\/\/diariodominicano.com\/index.php?rest_route=\/wp\/v2\/types\/post"}],"author":[{"embeddable":true,"href":"https:\/\/diariodominicano.com\/index.php?rest_route=\/wp\/v2\/users\/28"}],"replies":[{"embeddable":true,"href":"https:\/\/diariodominicano.com\/index.php?rest_route=%2Fwp%2Fv2%2Fcomments&post=420105"}],"version-history":[{"count":1,"href":"https:\/\/diariodominicano.com\/index.php?rest_route=\/wp\/v2\/posts\/420105\/revisions"}],"predecessor-version":[{"id":420106,"href":"https:\/\/diariodominicano.com\/index.php?rest_route=\/wp\/v2\/posts\/420105\/revisions\/420106"}],"wp:featuredmedia":[{"embeddable":true,"href":"https:\/\/diariodominicano.com\/index.php?rest_route=\/wp\/v2\/media\/329468"}],"wp:attachment":[{"href":"https:\/\/diariodominicano.com\/index.php?rest_route=%2Fwp%2Fv2%2Fmedia&parent=420105"}],"wp:term":[{"taxonomy":"category","embeddable":true,"href":"https:\/\/diariodominicano.com\/index.php?rest_route=%2Fwp%2Fv2%2Fcategories&post=420105"},{"taxonomy":"post_tag","embeddable":true,"href":"https:\/\/diariodominicano.com\/index.php?rest_route=%2Fwp%2Fv2%2Ftags&post=420105"}],"curies":[{"name":"wp","href":"https:\/\/api.w.org\/{rel}","templated":true}]}}