{"id":419949,"date":"2023-02-27T22:14:18","date_gmt":"2023-02-28T02:14:18","guid":{"rendered":"http:\/\/diariodominicano.com\/?p=419949"},"modified":"2023-02-27T22:14:18","modified_gmt":"2023-02-28T02:14:18","slug":"edwin-mejia-reforma-policial-solo-ha-avanzado-en-el-discurso-de-abinader","status":"publish","type":"post","link":"https:\/\/diariodominicano.com\/?p=419949","title":{"rendered":"Edwin Mej\u00eda: \u201cReforma policial solo ha avanzado en el discurso de Abinader\u201d"},"content":{"rendered":"\n<p><strong><br><\/strong><br>El presidente de la Comisi\u00f3n Permanente de Interior y Polic\u00eda de la C\u00e1mara de Diputados, Edwin Mej\u00eda, explic\u00f3 que los avances en lo relativo a la reforma policial y al incremento de los niveles de inseguridad a nivel nacional han tenido \u201cpatas muy cortas\u201d, ya que no han llegado los resultados esperados.<\/p>\n\n\n\n<p>El diputado manifest\u00f3 que\u201d s\u00ed es cierto que el papel para un discurso lo aguanta todo, es importante recordarle al presidente que la seguridad ciudadana es un derecho y tener buenos resultados para la poblaci\u00f3n en ese sentido es su deber como mandatario \u201c.<\/p>\n\n\n\n<p>Manifest\u00f3 que hay una clara contradicci\u00f3n en la alocuci\u00f3n del presidente entre el salario m\u00ednimo que asegura que los polic\u00edas perciben mensualmente en la actualidad y lo que buscan alcanzar para final de este 2022.<\/p>\n\n\n\n<p>\u201cLo que podemos evidenciar es que lamentablemente el presidente desconoce la realidad de nuestros polic\u00edas; seg\u00fan sus propias palabras asegur\u00f3 que hoy nuestros polic\u00edas ganan m\u00e1s de 26 mil pesos y que realizar\u00e1 un aumento de 20% en el segundo trimestre y luego otro aumento hasta llegar a los 500 d\u00f3lares; sin embargo, invit\u00f3 al presidente a calcular, porque esos n\u00fameros no cuadran\u201d.<\/p>\n\n\n\n<p>Mej\u00eda apunt\u00f3 que no es suficiente decir palabras llenas de optimismo alejadas de la realidad, lo que se requiere es una voluntad real de un gobierno que est\u00e9 consciente que debe disponer de todo lo necesario porque la seguridad de las familias dominicanas pende de un hilo; y todo lo que esto provoque caer\u00e1 bajo su responsabilidad.<\/p>\n","protected":false},"excerpt":{"rendered":"<p>El presidente de la Comisi\u00f3n Permanente de Interior y Polic\u00eda de la C\u00e1mara de Diputados, Edwin Mej\u00eda, explic\u00f3 que los avances en lo relativo a la reforma policial y al incremento de los niveles de inseguridad a nivel nacional han tenido \u201cpatas muy cortas\u201d, ya que no han llegado los resultados esperados. El diputado manifest\u00f3 [&hellip;]<\/p>\n","protected":false},"author":28,"featured_media":419951,"comment_status":"closed","ping_status":"","sticky":false,"template":"","format":"standard","meta":{"footnotes":""},"categories":[20,29],"tags":[],"class_list":["post-419949","post","type-post","status-publish","format-standard","has-post-thumbnail","hentry","category-dominicana-hoy","category-policiasucesos"],"_links":{"self":[{"href":"https:\/\/diariodominicano.com\/index.php?rest_route=\/wp\/v2\/posts\/419949","targetHints":{"allow":["GET"]}}],"collection":[{"href":"https:\/\/diariodominicano.com\/index.php?rest_route=\/wp\/v2\/posts"}],"about":[{"href":"https:\/\/diariodominicano.com\/index.php?rest_route=\/wp\/v2\/types\/post"}],"author":[{"embeddable":true,"href":"https:\/\/diariodominicano.com\/index.php?rest_route=\/wp\/v2\/users\/28"}],"replies":[{"embeddable":true,"href":"https:\/\/diariodominicano.com\/index.php?rest_route=%2Fwp%2Fv2%2Fcomments&post=419949"}],"version-history":[{"count":1,"href":"https:\/\/diariodominicano.com\/index.php?rest_route=\/wp\/v2\/posts\/419949\/revisions"}],"predecessor-version":[{"id":419952,"href":"https:\/\/diariodominicano.com\/index.php?rest_route=\/wp\/v2\/posts\/419949\/revisions\/419952"}],"wp:featuredmedia":[{"embeddable":true,"href":"https:\/\/diariodominicano.com\/index.php?rest_route=\/wp\/v2\/media\/419951"}],"wp:attachment":[{"href":"https:\/\/diariodominicano.com\/index.php?rest_route=%2Fwp%2Fv2%2Fmedia&parent=419949"}],"wp:term":[{"taxonomy":"category","embeddable":true,"href":"https:\/\/diariodominicano.com\/index.php?rest_route=%2Fwp%2Fv2%2Fcategories&post=419949"},{"taxonomy":"post_tag","embeddable":true,"href":"https:\/\/diariodominicano.com\/index.php?rest_route=%2Fwp%2Fv2%2Ftags&post=419949"}],"curies":[{"name":"wp","href":"https:\/\/api.w.org\/{rel}","templated":true}]}}