{"id":419716,"date":"2023-02-27T13:07:55","date_gmt":"2023-02-27T17:07:55","guid":{"rendered":"http:\/\/diariodominicano.com\/?p=419716"},"modified":"2023-02-27T13:07:55","modified_gmt":"2023-02-27T17:07:55","slug":"fiscalia-de-santiago-obtiene-doble-condena-de-30-anos-de-prision-por-asesinato","status":"publish","type":"post","link":"https:\/\/diariodominicano.com\/?p=419716","title":{"rendered":"Fiscal\u00eda de Santiago obtiene doble condena de 30 a\u00f1os de prisi\u00f3n por asesinato"},"content":{"rendered":"\n<p>SANTIAGO (Rep\u00fablica Dominicana).- Los jueces del Tercer Tribunal Colegiado de esta jurisdicci\u00f3n, atendiendo a una solicitud de la Fiscal\u00eda de Santiago, condenaron a 30 a\u00f1os de reclusi\u00f3n mayor a dos hombres hallados culpables de provocarle la muerte a golpes a otro, en un hecho ocurrido en enero del 2019.&nbsp;<\/p>\n\n\n\n<p>La sentencia condenatoria fue emitida contra los hermanos Sandy Espinal Capell\u00e1n y Ariel Espinal Capell\u00e1n, quienes se asociaron para matar, previa planificaci\u00f3n, a la v\u00edctima Octavio Antonio Rodr\u00edguez Torres (Tabo), en el paraje Los Montones, del municipio San Jos\u00e9 de las Matas, en Santiago.&nbsp;&nbsp;<\/p>\n\n\n\n<p>La decisi\u00f3n adoptada por el colegiado, integrado por los jueces Jos\u00e9 Rafael D&#8217; As\u00eds, Deyanira M\u00e9ndez y Yasm\u00edn de los Santos, acoge en todas sus formas la acusaci\u00f3n formulada por la Fiscal\u00eda de Santiago.&nbsp;<\/p>\n\n\n\n<p>En el curso de la investigaci\u00f3n el Ministerio P\u00fablico pudo establecer que los acusados violentaron los art\u00edculos 265, 266, 295, 297, 302, 379 y 382 del C\u00f3digo Penal Dominicano, en tanto que se constituyeron en asociaci\u00f3n de malhechores para cometer asesinato y robo agravado, en un crimen seguido de otro crimen en perjuicio de la v\u00edctima.&nbsp;&nbsp;<\/p>\n\n\n\n<p>Ante el jurado, el fiscal litigante Elvin Ventura present\u00f3 la relaci\u00f3n de hechos sucedidos previo y posterior al asesinato de Rodr\u00edguez Torres, sustentando con pruebas que los acusados se asociaron y planificaron matar a la v\u00edctima, a la cual luego despojaron de dinero en efectivo.&nbsp;&nbsp;<\/p>\n\n\n\n<p>Detall\u00f3 que los hermanos buscaron a un adolescente de 15 a\u00f1os, al cual intentaron convencer de participar en el crimen. Sin lograrlo, se dirigieron a la casa de Rodr\u00edguez Torres y le infirieron un primer golpe en la cabeza con el cual lo inhabilitaron.&nbsp;&nbsp;<\/p>\n\n\n\n<p>A seguidas, arrastraron al hombre a una zona bald\u00eda y oscura donde continuaron golpe\u00e1ndolo en la cabeza, hasta provocarle la muerte.&nbsp;&nbsp;<\/p>\n\n\n\n<p>La acci\u00f3n judicial se inici\u00f3 con la denuncia que interpuso la familia de la v\u00edctima y m\u00e1s tarde con la ejecuci\u00f3n de las \u00f3rdenes de aprehensi\u00f3n n\u00famero 1253-2020 y 1254-2020 con las que se procedi\u00f3 con los arrestos.&nbsp;<\/p>\n\n\n\n<p>Direcci\u00f3n General de Comunicaci\u00f3n, Prensa, y RRPP<\/p>\n\n\n\n<p>Ministerio P\u00fablico.&nbsp;R.D.<\/p>\n\n\n\n<p>Lunes, 27 de febrero de 2023.<\/p>\n","protected":false},"excerpt":{"rendered":"<p>SANTIAGO (Rep\u00fablica Dominicana).- Los jueces del Tercer Tribunal Colegiado de esta jurisdicci\u00f3n, atendiendo a una solicitud de la Fiscal\u00eda de Santiago, condenaron a 30 a\u00f1os de reclusi\u00f3n mayor a dos hombres hallados culpables de provocarle la muerte a golpes a otro, en un hecho ocurrido en enero del 2019.&nbsp; La sentencia condenatoria fue emitida contra [&hellip;]<\/p>\n","protected":false},"author":28,"featured_media":342874,"comment_status":"closed","ping_status":"","sticky":true,"template":"","format":"standard","meta":{"footnotes":""},"categories":[24,29,27],"tags":[],"class_list":["post-419716","post","type-post","status-publish","format-standard","has-post-thumbnail","hentry","category-justicia-y-derecho","category-policiasucesos","category-portada"],"_links":{"self":[{"href":"https:\/\/diariodominicano.com\/index.php?rest_route=\/wp\/v2\/posts\/419716","targetHints":{"allow":["GET"]}}],"collection":[{"href":"https:\/\/diariodominicano.com\/index.php?rest_route=\/wp\/v2\/posts"}],"about":[{"href":"https:\/\/diariodominicano.com\/index.php?rest_route=\/wp\/v2\/types\/post"}],"author":[{"embeddable":true,"href":"https:\/\/diariodominicano.com\/index.php?rest_route=\/wp\/v2\/users\/28"}],"replies":[{"embeddable":true,"href":"https:\/\/diariodominicano.com\/index.php?rest_route=%2Fwp%2Fv2%2Fcomments&post=419716"}],"version-history":[{"count":1,"href":"https:\/\/diariodominicano.com\/index.php?rest_route=\/wp\/v2\/posts\/419716\/revisions"}],"predecessor-version":[{"id":419717,"href":"https:\/\/diariodominicano.com\/index.php?rest_route=\/wp\/v2\/posts\/419716\/revisions\/419717"}],"wp:featuredmedia":[{"embeddable":true,"href":"https:\/\/diariodominicano.com\/index.php?rest_route=\/wp\/v2\/media\/342874"}],"wp:attachment":[{"href":"https:\/\/diariodominicano.com\/index.php?rest_route=%2Fwp%2Fv2%2Fmedia&parent=419716"}],"wp:term":[{"taxonomy":"category","embeddable":true,"href":"https:\/\/diariodominicano.com\/index.php?rest_route=%2Fwp%2Fv2%2Fcategories&post=419716"},{"taxonomy":"post_tag","embeddable":true,"href":"https:\/\/diariodominicano.com\/index.php?rest_route=%2Fwp%2Fv2%2Ftags&post=419716"}],"curies":[{"name":"wp","href":"https:\/\/api.w.org\/{rel}","templated":true}]}}