{"id":419701,"date":"2023-02-27T12:44:25","date_gmt":"2023-02-27T16:44:25","guid":{"rendered":"http:\/\/diariodominicano.com\/?p=419701"},"modified":"2023-02-27T12:44:25","modified_gmt":"2023-02-27T16:44:25","slug":"fiscalia-sde-y-norte-obtiene-condena-de-20-anos-de-prision-contra-hombre-que-violo-sexualmente-a-un-nino-de-cuatro-anos","status":"publish","type":"post","link":"https:\/\/diariodominicano.com\/?p=419701","title":{"rendered":"Fiscal\u00eda SDE y Norte obtiene condena de 20 a\u00f1os de prisi\u00f3n contra hombre que viol\u00f3 sexualmente a un ni\u00f1o de cuatro a\u00f1os"},"content":{"rendered":"\n<p>SANTO DOMINGO NORTE (Rep\u00fablica Dominicana).- El Ministerio P\u00fablico de Santo Domingo Este y Norte obtuvo una condena de 20 a\u00f1os de prisi\u00f3n y el pago de un mill\u00f3n de pesos como indemnizaci\u00f3n en contra de un hombre que viol\u00f3 sexualmente a un menor de cuatro a\u00f1os de edad, en un hecho ocurrido en el a\u00f1o 2021.&nbsp;&nbsp;<\/p>\n\n\n\n<p>La sentencia fue dictada por el Segundo Tribunal Colegiado de esta jurisdicci\u00f3n, que preside la jueza Josefina Ubiera, quien dispuso que Wadison Miguel \u00c1ngel Reyes o Watson, cumpla la pena en la penitenciar\u00eda Nacional de La Victoria.&nbsp;&nbsp;<\/p>\n\n\n\n<p>Las fiscales Marlene Roa y Claudia Valdez demostraron ante el tribunal, con elementos de pruebas periciales y testimoniales, que con su conducta \u00c1ngel Reyes falt\u00f3 al art\u00edculo 331, del C\u00f3digo Penal Dominicano, modificado por la Ley 24-97, sobre Violencia de G\u00e9nero e Intrafamiliar, y los art\u00edculos 12, 14, 15, 18 y 396 del C\u00f3digo para la Protecci\u00f3n y los Derechos Fundamentales de los Ni\u00f1os, Ni\u00f1as y Adolescentes (Ley 136-03).<\/p>\n\n\n\n<p>Para cometer el hecho, el procesado aprovech\u00f3 que el infante jugaba con dos de sus hermanos y lo arrastr\u00f3 hacia un monte que se encontraba en la zona, agrediendo al ni\u00f1o sexualmente.&nbsp;&nbsp;<\/p>\n\n\n\n<p>Cuando la v\u00edctima regres\u00f3 a su casa con sus padres, quienes hab\u00edan iniciado su b\u00fasqueda, notaron que se sentaba de lado y que mostraba tener dolor, lo que los llev\u00f3 a cuestionarlo, contando el ni\u00f1o lo sucedido.&nbsp;&nbsp;<\/p>\n\n\n\n<p>Las evaluaciones realizadas al infante por el Instituto Nacional de Ciencias Forenses (Inacif) corroboraron los hechos.&nbsp;&nbsp;<\/p>\n\n\n\n<p>Direcci\u00f3n General de Comunicaci\u00f3n, Prensa, y RRPP<\/p>\n\n\n\n<p>Ministerio P\u00fablico.&nbsp;R.D.<\/p>\n\n\n\n<p>Lunes, 27 de febrero de 2023.<\/p>\n","protected":false},"excerpt":{"rendered":"<p>SANTO DOMINGO NORTE (Rep\u00fablica Dominicana).- El Ministerio P\u00fablico de Santo Domingo Este y Norte obtuvo una condena de 20 a\u00f1os de prisi\u00f3n y el pago de un mill\u00f3n de pesos como indemnizaci\u00f3n en contra de un hombre que viol\u00f3 sexualmente a un menor de cuatro a\u00f1os de edad, en un hecho ocurrido en el a\u00f1o [&hellip;]<\/p>\n","protected":false},"author":28,"featured_media":265615,"comment_status":"closed","ping_status":"","sticky":true,"template":"","format":"standard","meta":{"footnotes":""},"categories":[24,29,27],"tags":[],"class_list":["post-419701","post","type-post","status-publish","format-standard","has-post-thumbnail","hentry","category-justicia-y-derecho","category-policiasucesos","category-portada"],"_links":{"self":[{"href":"https:\/\/diariodominicano.com\/index.php?rest_route=\/wp\/v2\/posts\/419701","targetHints":{"allow":["GET"]}}],"collection":[{"href":"https:\/\/diariodominicano.com\/index.php?rest_route=\/wp\/v2\/posts"}],"about":[{"href":"https:\/\/diariodominicano.com\/index.php?rest_route=\/wp\/v2\/types\/post"}],"author":[{"embeddable":true,"href":"https:\/\/diariodominicano.com\/index.php?rest_route=\/wp\/v2\/users\/28"}],"replies":[{"embeddable":true,"href":"https:\/\/diariodominicano.com\/index.php?rest_route=%2Fwp%2Fv2%2Fcomments&post=419701"}],"version-history":[{"count":1,"href":"https:\/\/diariodominicano.com\/index.php?rest_route=\/wp\/v2\/posts\/419701\/revisions"}],"predecessor-version":[{"id":419702,"href":"https:\/\/diariodominicano.com\/index.php?rest_route=\/wp\/v2\/posts\/419701\/revisions\/419702"}],"wp:featuredmedia":[{"embeddable":true,"href":"https:\/\/diariodominicano.com\/index.php?rest_route=\/wp\/v2\/media\/265615"}],"wp:attachment":[{"href":"https:\/\/diariodominicano.com\/index.php?rest_route=%2Fwp%2Fv2%2Fmedia&parent=419701"}],"wp:term":[{"taxonomy":"category","embeddable":true,"href":"https:\/\/diariodominicano.com\/index.php?rest_route=%2Fwp%2Fv2%2Fcategories&post=419701"},{"taxonomy":"post_tag","embeddable":true,"href":"https:\/\/diariodominicano.com\/index.php?rest_route=%2Fwp%2Fv2%2Ftags&post=419701"}],"curies":[{"name":"wp","href":"https:\/\/api.w.org\/{rel}","templated":true}]}}