{"id":419699,"date":"2023-02-27T12:42:26","date_gmt":"2023-02-27T16:42:26","guid":{"rendered":"http:\/\/diariodominicano.com\/?p=419699"},"modified":"2023-02-27T12:42:26","modified_gmt":"2023-02-27T16:42:26","slug":"fiscalia-de-santiago-reapresa-hombre-condenado-a-20-anos-que-intento-salir-del-pais","status":"publish","type":"post","link":"https:\/\/diariodominicano.com\/?p=419699","title":{"rendered":"Fiscal\u00eda de Santiago reapresa hombre condenado a 20 a\u00f1os que intent\u00f3 salir del pa\u00eds"},"content":{"rendered":"\n<p><em><u>El Departamento de Captura de Pr\u00f3fugos y Condenados recibi\u00f3 una alerta que activ\u00f3 su protocolo de acci\u00f3n&nbsp;<\/u><\/em><\/p>\n\n\n\n<p>SANTIAGO (Rep\u00fablica Dominicana).- La Fiscal\u00eda de Santiago present\u00f3 ante el juez de Ejecuci\u00f3n de la Pena de esta demarcaci\u00f3n a un hombre condenado por tr\u00e1fico de drogas que fue arrestado mientras intentaba salir del pa\u00eds por el Aeropuerto Internacional de Las Am\u00e9ricas.&nbsp;<\/p>\n\n\n\n<p>El reapresado es Jos\u00e9 Miguel Luciano Lora, quien trat\u00f3 de evadir el cumplimiento de dos condenas de 10 y 20 a\u00f1os de prisi\u00f3n que le fueron impuestas por violaci\u00f3n a la Ley 50-88 sobre Drogas y Sustancias Controladas, as\u00ed como por lavado de activos.&nbsp;&nbsp;&nbsp;<\/p>\n\n\n\n<p>La condena de 10 a\u00f1os, del 16 de diciembre de 2016, fue emitida por la Primera Sala de la Corte de Apelaci\u00f3n de esta jurisdicci\u00f3n y confirmada por la Suprema Corte de Justicia en octubre del 2018.&nbsp;&nbsp;<\/p>\n\n\n\n<p>La captura del procesado, que se encontraba en libertad tras la variaci\u00f3n de la prisi\u00f3n emitida por un tribunal, le fue ejecutada tambi\u00e9n la sentencia 359-2018, de marzo del a\u00f1o 2018, que lo conden\u00f3 a cumplir 20 a\u00f1os de prisi\u00f3n por reincidir en el tr\u00e1fico de drogas y por violaci\u00f3n a la Ley 72-02 sobre Lavado de Activos, en perjuicio del Estado dominicano.&nbsp;<\/p>\n\n\n\n<p>Esta \u00faltima sentencia fue igualmente confirmada mediante la sentencia n\u00famero 1514, del 27 de noviembre del 2019, por la Suprema Corte de Justicia.&nbsp;&nbsp;<\/p>\n\n\n\n<p>El condenado fue presentado ante el Juez de Ejecuci\u00f3n de la Pena que lo remiti\u00f3 a un centro de privaci\u00f3n de libertad donde cumplir\u00e1 la pena mayor.&nbsp;&nbsp;<\/p>\n\n\n\n<p>Al respecto, el fiscal titular de Santiago, Osvaldo Bonilla, manifest\u00f3: \u201cse trata de una pol\u00edtica permanente, el capturar a los pr\u00f3fugos con sentencias definitivas, la cual seguiremos incrementando para hacer efectivo el trabajo que por a\u00f1os se ha realizado contra la criminalidad\u201d.&nbsp;<\/p>\n\n\n\n<p>Direcci\u00f3n General de Comunicaci\u00f3n, Prensa, y RRPP<\/p>\n\n\n\n<p>Ministerio P\u00fablico.&nbsp;R.D.<\/p>\n\n\n\n<p>Lunes, 27 de febrero de 2023.<\/p>\n","protected":false},"excerpt":{"rendered":"<p>El Departamento de Captura de Pr\u00f3fugos y Condenados recibi\u00f3 una alerta que activ\u00f3 su protocolo de acci\u00f3n&nbsp; SANTIAGO (Rep\u00fablica Dominicana).- La Fiscal\u00eda de Santiago present\u00f3 ante el juez de Ejecuci\u00f3n de la Pena de esta demarcaci\u00f3n a un hombre condenado por tr\u00e1fico de drogas que fue arrestado mientras intentaba salir del pa\u00eds por el Aeropuerto [&hellip;]<\/p>\n","protected":false},"author":28,"featured_media":360223,"comment_status":"closed","ping_status":"","sticky":true,"template":"","format":"standard","meta":{"footnotes":""},"categories":[24,29,27],"tags":[],"class_list":["post-419699","post","type-post","status-publish","format-standard","has-post-thumbnail","hentry","category-justicia-y-derecho","category-policiasucesos","category-portada"],"_links":{"self":[{"href":"https:\/\/diariodominicano.com\/index.php?rest_route=\/wp\/v2\/posts\/419699","targetHints":{"allow":["GET"]}}],"collection":[{"href":"https:\/\/diariodominicano.com\/index.php?rest_route=\/wp\/v2\/posts"}],"about":[{"href":"https:\/\/diariodominicano.com\/index.php?rest_route=\/wp\/v2\/types\/post"}],"author":[{"embeddable":true,"href":"https:\/\/diariodominicano.com\/index.php?rest_route=\/wp\/v2\/users\/28"}],"replies":[{"embeddable":true,"href":"https:\/\/diariodominicano.com\/index.php?rest_route=%2Fwp%2Fv2%2Fcomments&post=419699"}],"version-history":[{"count":1,"href":"https:\/\/diariodominicano.com\/index.php?rest_route=\/wp\/v2\/posts\/419699\/revisions"}],"predecessor-version":[{"id":419700,"href":"https:\/\/diariodominicano.com\/index.php?rest_route=\/wp\/v2\/posts\/419699\/revisions\/419700"}],"wp:featuredmedia":[{"embeddable":true,"href":"https:\/\/diariodominicano.com\/index.php?rest_route=\/wp\/v2\/media\/360223"}],"wp:attachment":[{"href":"https:\/\/diariodominicano.com\/index.php?rest_route=%2Fwp%2Fv2%2Fmedia&parent=419699"}],"wp:term":[{"taxonomy":"category","embeddable":true,"href":"https:\/\/diariodominicano.com\/index.php?rest_route=%2Fwp%2Fv2%2Fcategories&post=419699"},{"taxonomy":"post_tag","embeddable":true,"href":"https:\/\/diariodominicano.com\/index.php?rest_route=%2Fwp%2Fv2%2Ftags&post=419699"}],"curies":[{"name":"wp","href":"https:\/\/api.w.org\/{rel}","templated":true}]}}