{"id":419697,"date":"2023-02-27T12:40:30","date_gmt":"2023-02-27T16:40:30","guid":{"rendered":"http:\/\/diariodominicano.com\/?p=419697"},"modified":"2023-02-27T12:40:30","modified_gmt":"2023-02-27T16:40:30","slug":"la-fiscalia-de-san-cristobal-logra-condena-de-40-anos-contra-hombre-que-asesino-a-otro-al-cometer-un-atraco","status":"publish","type":"post","link":"https:\/\/diariodominicano.com\/?p=419697","title":{"rendered":"La Fiscal\u00eda de San Crist\u00f3bal logra condena de 40 a\u00f1os contra hombre que asesin\u00f3 a otro al cometer un atraco"},"content":{"rendered":"\n<p>SAN CRIST\u00d3BAL, Rep\u00fablica Dominicana.- Atendiendo la solicitud del Ministerio P\u00fablico, el Tribunal Colegiado de este distrito judicial conden\u00f3 a 40 a\u00f1os de prisi\u00f3n a un hombre que asesin\u00f3 a otro al cometer un atraco, en un hecho ocurrido en la autopista 6 de Noviembre, pr\u00f3ximo a los Bajos de Haina, en agosto del a\u00f1o 2021.\u00a0<\/p>\n\n\n\n<p>El tribunal, integrado por las juezas Biulkys Balbuena, Ana In\u00e9s Susana y Liselot Casado, dict\u00f3 la sentencia en contra de Deivi Rodr\u00edguez Montero por el asesinato de Melaneo Cipri\u00e1n.&nbsp;<\/p>\n\n\n\n<p>Los fiscales Wendy Mart\u00ednez Garabitos, Patricia Dur\u00e1n Valerio, Jos\u00e9 Guerrero y \u00c1ngel F\u00e9liz, mostraron al tribunal las pruebas periciales y testimoniales que demuestran la culpabilidad en los hechos cometidos por Rodr\u00edguez Montero, quien viol\u00f3 los art\u00edculos 379, 382, 295 y 304 del C\u00f3digo Penal Dominicano, que castiga el asesinato, robo con violencia y en caminos p\u00fablicos, as\u00ed como tambi\u00e9n las disposiciones de los art\u00edculos 66 y 67 de la Ley 631-16, para el Control y Regulaci\u00f3n de Armas, Municiones y Materiales Relacionados.&nbsp;<\/p>\n\n\n\n<p>Los hechos ocurrieron el 7 de agosto del a\u00f1o 2021, cuando en compa\u00f1\u00eda de su sobrino, la v\u00edctima esperaba a que su hermano, Francisco F\u00e9lix Ciprian, reparara el veh\u00edculo en el cual se desplazaban, luego de que se descompuso en la autopista 6 de Noviembre, pr\u00f3ximo a los Bajos de Haina.&nbsp;<\/p>\n\n\n\n<p>Al lugar se present\u00f3 el victimario en una motocicleta color negro y enca\u00f1on\u00f3 al sobrino de la v\u00edctima, quien se encontraba sentado dentro del veh\u00edculo. El hoy condenado al percatarse que el hoy occiso, quien hablaba por su tel\u00e9fono celular en ese momento, estaba armado, arremeti\u00f3 contra \u00e9l, dispar\u00e1ndole en varias ocasiones.&nbsp;<\/p>\n\n\n\n<p>En un intento por repeler el mortal ataque, la v\u00edctima logr\u00f3 sacar su arma, pero \u00e9sta se encasquill\u00f3 al intentar realizar un disparo, oblig\u00e1ndole el agresor a entregar su arma luego de haberlo herido.&nbsp;<\/p>\n\n\n\n<p>En un intento por ayudar a su familiar, tanto el sobrino como el hermano de la v\u00edctima, lanzaron piedras contra el agresor, quien dispar\u00f3 contra ellos en varias oportunidades, sin lograr herirlos. Luego el acusado huy\u00f3 del lugar llevando consigo el arma y el celular de la v\u00edctima.&nbsp;&nbsp;&nbsp;<\/p>\n\n\n\n<p>Cipri\u00e1n fue llevado al Hospital Traumatol\u00f3gico Dr. Dar\u00edo Contreras, donde falleci\u00f3 a los cinco d\u00edas de su ingreso, producto de las heridas de bala con entrada y salida en el muslo izquierdo, as\u00ed como tambi\u00e9n con orificios de entrada en el brazo derecho y en la cadera.&nbsp;<\/p>\n\n\n\n<p>Al momento de su arresto, Rodr\u00edguez Montero se desplazaba en la motocicleta marca Bajaj, color negro, misma que utiliz\u00f3 el d\u00eda que cometi\u00f3 el atraco y asesinato de Cipri\u00e1n.&nbsp;<\/p>\n\n\n\n<p>El arma del hoy occiso, una pistola 9 mil\u00edmetros, marca Viking, fue recuperada en la provincia Mar\u00eda Trinidad S\u00e1nchez, cuando dos antisociales fueron atrapados en flagrante delito, mientras perpetraban un robo agravado. Uno de los detenidos confes\u00f3 que el hoy procesado, Rodr\u00edguez Montero le vendi\u00f3 el arma de fuego por 40,000 pesos, d\u00e1ndole este un adelanto de 20,000 pesos.&nbsp;<\/p>\n\n\n\n<p>Por disposici\u00f3n del tribunal, el condenado cumplir\u00e1 la sentencia en el Centro de Correcci\u00f3n y Rehabilitaci\u00f3n Najayo Hombres.&nbsp;<\/p>\n\n\n\n<p>Direcci\u00f3n General de Comunicaci\u00f3n, Prensa, y RRPP<\/p>\n\n\n\n<p>Ministerio P\u00fablico.&nbsp;R.D.<\/p>\n\n\n\n<p>Lunes, 27 de febrero de 2023.<\/p>\n","protected":false},"excerpt":{"rendered":"<p>SAN CRIST\u00d3BAL, Rep\u00fablica Dominicana.- Atendiendo la solicitud del Ministerio P\u00fablico, el Tribunal Colegiado de este distrito judicial conden\u00f3 a 40 a\u00f1os de prisi\u00f3n a un hombre que asesin\u00f3 a otro al cometer un atraco, en un hecho ocurrido en la autopista 6 de Noviembre, pr\u00f3ximo a los Bajos de Haina, en agosto del a\u00f1o 2021.\u00a0 [&hellip;]<\/p>\n","protected":false},"author":28,"featured_media":351958,"comment_status":"closed","ping_status":"","sticky":true,"template":"","format":"standard","meta":{"footnotes":""},"categories":[24,29,27],"tags":[],"class_list":["post-419697","post","type-post","status-publish","format-standard","has-post-thumbnail","hentry","category-justicia-y-derecho","category-policiasucesos","category-portada"],"_links":{"self":[{"href":"https:\/\/diariodominicano.com\/index.php?rest_route=\/wp\/v2\/posts\/419697","targetHints":{"allow":["GET"]}}],"collection":[{"href":"https:\/\/diariodominicano.com\/index.php?rest_route=\/wp\/v2\/posts"}],"about":[{"href":"https:\/\/diariodominicano.com\/index.php?rest_route=\/wp\/v2\/types\/post"}],"author":[{"embeddable":true,"href":"https:\/\/diariodominicano.com\/index.php?rest_route=\/wp\/v2\/users\/28"}],"replies":[{"embeddable":true,"href":"https:\/\/diariodominicano.com\/index.php?rest_route=%2Fwp%2Fv2%2Fcomments&post=419697"}],"version-history":[{"count":1,"href":"https:\/\/diariodominicano.com\/index.php?rest_route=\/wp\/v2\/posts\/419697\/revisions"}],"predecessor-version":[{"id":419698,"href":"https:\/\/diariodominicano.com\/index.php?rest_route=\/wp\/v2\/posts\/419697\/revisions\/419698"}],"wp:featuredmedia":[{"embeddable":true,"href":"https:\/\/diariodominicano.com\/index.php?rest_route=\/wp\/v2\/media\/351958"}],"wp:attachment":[{"href":"https:\/\/diariodominicano.com\/index.php?rest_route=%2Fwp%2Fv2%2Fmedia&parent=419697"}],"wp:term":[{"taxonomy":"category","embeddable":true,"href":"https:\/\/diariodominicano.com\/index.php?rest_route=%2Fwp%2Fv2%2Fcategories&post=419697"},{"taxonomy":"post_tag","embeddable":true,"href":"https:\/\/diariodominicano.com\/index.php?rest_route=%2Fwp%2Fv2%2Ftags&post=419697"}],"curies":[{"name":"wp","href":"https:\/\/api.w.org\/{rel}","templated":true}]}}