{"id":419688,"date":"2023-02-27T12:30:36","date_gmt":"2023-02-27T16:30:36","guid":{"rendered":"http:\/\/diariodominicano.com\/?p=419688"},"modified":"2023-02-27T12:32:35","modified_gmt":"2023-02-27T16:32:35","slug":"policia-nacional-de-santiago-recupera-en-rio-san-juan-vehiculo-sustraido-en-ciudad-santiago","status":"publish","type":"post","link":"https:\/\/diariodominicano.com\/?p=419688","title":{"rendered":"Polic\u00eda Nacional de Santiago recupera en R\u00edo San Juan veh\u00edculo sustra\u00eddo en ciudad Santiago"},"content":{"rendered":"\n<p><\/p>\n\n\n\n<p><strong>Apresa cinco personas por porte ilegal de armas de fuego y posesi\u00f3n de drogas.<\/strong><\/p>\n\n\n\n<figure class=\"wp-block-image\"><img decoding=\"async\" src=\"https:\/\/mail.google.com\/mail\/u\/1?ui=2&amp;ik=e6c115171d&amp;attid=0.2&amp;permmsgid=msg-f:1759000021635618719&amp;th=18693933397ed79f&amp;view=fimg&amp;fur=ip&amp;sz=s0-l75-ft&amp;attbid=ANGjdJ_L1bZMEnQkLptZfOh-LIK69z6EpkCuMVQhY9JdPpaayeUX7O9Ktk8FC91AGscLnm9yuSCWxPEbeX7icm4yQw6zzwKQtpnj5FIJ_9dYB6Pnmfqj08azwIoKTX0&amp;disp=emb&amp;realattid=ii_lemzsyuf1\" alt=\"image.png\"\/><\/figure>\n\n\n\n<figure class=\"wp-block-image\"><img decoding=\"async\" src=\"https:\/\/mail.google.com\/mail\/u\/1?ui=2&amp;ik=e6c115171d&amp;attid=0.5&amp;permmsgid=msg-f:1759000021635618719&amp;th=18693933397ed79f&amp;view=fimg&amp;fur=ip&amp;sz=s0-l75-ft&amp;attbid=ANGjdJ8uzixmcWWKjkD--yk967K09ntNokP8i5WTprer3jYbk7pI9jmLGGayH4UL9vwfPOUZO-oQH2TMrrgeE9PfABYwaLpOcJDyMBNQKgvnxbbetVtBeLAT5G4ygn0&amp;disp=emb&amp;realattid=ii_lemzz3qj7\" alt=\"image.png\"\/><\/figure>\n\n\n\n<figure class=\"wp-block-image\"><img decoding=\"async\" src=\"https:\/\/mail.google.com\/mail\/u\/1?ui=2&amp;ik=e6c115171d&amp;attid=0.4&amp;permmsgid=msg-f:1759000021635618719&amp;th=18693933397ed79f&amp;view=fimg&amp;fur=ip&amp;sz=s0-l75-ft&amp;attbid=ANGjdJ_b7GE2Udu59ZeJX1avWISFywoT4IJ2XTfNpjlcqzg3YeXtOmb0yAOwI7JTdY1ulh0LY-sDkd_46CIVTzer_REg0A6zpKnQ8vomwY1y07NG_8_VbMy8392eoIU&amp;disp=emb&amp;realattid=ii_lemzxlvn5\" alt=\"image.png\"\/><\/figure>\n\n\n\n<p><strong>Santiago de Los Caballeros, 27 de Febrero del 2023.-<\/strong>&nbsp;Agentes de investigaci\u00f3n y de la Polic\u00eda Preventiva, recuperaron un veh\u00edculo sustra\u00eddo a su propietario mediante descuido y apresaron cinco personas por&nbsp;&nbsp;porte ilegal de armas de fuego y posesi\u00f3n de drogas, ocupando dos armas de fuego sin documentos y&nbsp;&nbsp;m\u00e1s de 30 porciones de estupefacientes de diferentes tipos, durante ardua labor de seguimiento y accionar preventivo.<\/p>\n\n\n\n<figure class=\"wp-block-image size-full\"><img loading=\"lazy\" decoding=\"async\" width=\"116\" height=\"151\" src=\"https:\/\/diariodominicano.com\/wp-content\/uploads\/2023\/02\/unnamed-7.png\" alt=\"\" class=\"wp-image-419693\"\/><\/figure>\n\n\n\n<figure class=\"wp-block-image size-full\"><img loading=\"lazy\" decoding=\"async\" width=\"173\" height=\"156\" src=\"https:\/\/diariodominicano.com\/wp-content\/uploads\/2023\/02\/unnamed-8.png\" alt=\"\" class=\"wp-image-419695\"\/><\/figure>\n\n\n\n<p>El veh\u00edculo localizado y recuperado abandonado mediante&nbsp;&nbsp;GPS, en el distrito municipal R\u00edo San Juan de la provincia Mar\u00eda Trinidad S\u00e1nchez (Nagua), es el carro marca Hyundai, modelo Sonata Y20, color blanco, a\u00f1o 2014, placa No. A852869, chasis No. KMHEC41LBEA608907, el mismo presenta denuncia como sustra\u00eddo mediante descuido por personas en proceso de identificaci\u00f3n, el pasado&nbsp;&nbsp;24 de Febrero, de este a\u00f1o en curso en el sector Los Prados, de esta ciudad de Santiago propiedad del se\u00f1or, Luis Miguel Adames Aybar.<\/p>\n\n\n\n<p>Entre los detenidos por porte ilegal de arma de fuego, figura Sandy Josu\u00e9 Paulino Grull\u00f3n, de 33 a\u00f1os, quien al momento de su apresamiento en la calle Principal del municipio de Pu\u00f1al, se le ocup\u00f3 la pistola marca Glock,&nbsp;&nbsp;calibre 9 mil\u00edmetros,&nbsp;&nbsp;serie No. BSKC565, con su cargador, conteniendo 6 c\u00e1psulas, portada sin documentos, el mismo al ser entrevistado verbalmente manifest\u00f3 hab\u00e9rsela comprado de manera ilegal a un se\u00f1or por la suma de 45 mil pesos.<\/p>\n\n\n\n<p>Mediante persecuci\u00f3n resultaron detenidos Wandy Pimentel, alias El Chino, y una menor de 16 a\u00f1os, quienes transitaban sospechosamente por la calle Primera, del sector Hoya del Caimito de esta ciudad, a bordo de la motocicleta marca Honda, modelo 650, color rojo, ocup\u00e1ndole, la pistola marca Glock, calibre 9 mil\u00edmetros, serie No. BZFC353, con su cargador y 14 c\u00e1psulas del mismo calibre, adem\u00e1s tambi\u00e9n se le ocup\u00f3 un cargador grande de 30 con 20 municiones del citado calibre, sin ning\u00fan tipo de documentos.<\/p>\n\n\n\n<p>Por posesi\u00f3n de drogas, fue apresado Geury Felipe Bravo, de 30 a\u00f1os,&nbsp;&nbsp;en el sector Los Cerrito de Gurabo, al momento de este ser requisado,&nbsp;&nbsp;se le ocup\u00f3, cuatro porciones de un vegetal presumiblemente marihuana y una de un polvo blanco presuntamente coca\u00edna envueltas&nbsp;&nbsp;recortes de fundas pl\u00e1sticas.<\/p>\n\n\n\n<p>Adem\u00e1s&nbsp;&nbsp;Misael Antonio Garc\u00eda, 18 a\u00f1os, fue arrestado en el&nbsp;&nbsp;barrio Pueblo Nuevo, ocup\u00e1ndole&nbsp;&nbsp;25 porciones de un material rocoso presumiblemente crack y una porci\u00f3n de un polvo blanco presumiblemente coca\u00edna, as\u00ed como tambi\u00e9n&nbsp;&nbsp;la suma de $900 pesos.<\/p>\n\n\n\n<p><strong>OFICINA DE INFORMACI\u00d3N Y COMUNICACIONES ESTRAT\u00c9GICAS DIRECCI\u00d3N REGIONAL CIBAO CENTRAL DE LA POLIC\u00cdA NACIONAL.<\/strong><\/p>\n","protected":false},"excerpt":{"rendered":"<p>Apresa cinco personas por porte ilegal de armas de fuego y posesi\u00f3n de drogas. Santiago de Los Caballeros, 27 de Febrero del 2023.-&nbsp;Agentes de investigaci\u00f3n y de la Polic\u00eda Preventiva, recuperaron un veh\u00edculo sustra\u00eddo a su propietario mediante descuido y apresaron cinco personas por&nbsp;&nbsp;porte ilegal de armas de fuego y posesi\u00f3n de drogas, ocupando dos [&hellip;]<\/p>\n","protected":false},"author":28,"featured_media":419689,"comment_status":"closed","ping_status":"","sticky":true,"template":"","format":"standard","meta":{"footnotes":""},"categories":[29,27],"tags":[],"class_list":["post-419688","post","type-post","status-publish","format-standard","has-post-thumbnail","hentry","category-policiasucesos","category-portada"],"_links":{"self":[{"href":"https:\/\/diariodominicano.com\/index.php?rest_route=\/wp\/v2\/posts\/419688","targetHints":{"allow":["GET"]}}],"collection":[{"href":"https:\/\/diariodominicano.com\/index.php?rest_route=\/wp\/v2\/posts"}],"about":[{"href":"https:\/\/diariodominicano.com\/index.php?rest_route=\/wp\/v2\/types\/post"}],"author":[{"embeddable":true,"href":"https:\/\/diariodominicano.com\/index.php?rest_route=\/wp\/v2\/users\/28"}],"replies":[{"embeddable":true,"href":"https:\/\/diariodominicano.com\/index.php?rest_route=%2Fwp%2Fv2%2Fcomments&post=419688"}],"version-history":[{"count":5,"href":"https:\/\/diariodominicano.com\/index.php?rest_route=\/wp\/v2\/posts\/419688\/revisions"}],"predecessor-version":[{"id":419696,"href":"https:\/\/diariodominicano.com\/index.php?rest_route=\/wp\/v2\/posts\/419688\/revisions\/419696"}],"wp:featuredmedia":[{"embeddable":true,"href":"https:\/\/diariodominicano.com\/index.php?rest_route=\/wp\/v2\/media\/419689"}],"wp:attachment":[{"href":"https:\/\/diariodominicano.com\/index.php?rest_route=%2Fwp%2Fv2%2Fmedia&parent=419688"}],"wp:term":[{"taxonomy":"category","embeddable":true,"href":"https:\/\/diariodominicano.com\/index.php?rest_route=%2Fwp%2Fv2%2Fcategories&post=419688"},{"taxonomy":"post_tag","embeddable":true,"href":"https:\/\/diariodominicano.com\/index.php?rest_route=%2Fwp%2Fv2%2Ftags&post=419688"}],"curies":[{"name":"wp","href":"https:\/\/api.w.org\/{rel}","templated":true}]}}