{"id":419367,"date":"2023-02-25T23:11:11","date_gmt":"2023-02-26T03:11:11","guid":{"rendered":"http:\/\/diariodominicano.com\/?p=419367"},"modified":"2023-02-25T23:13:13","modified_gmt":"2023-02-26T03:13:13","slug":"santiago-de-los-caballeros-25-de-febrero-2023","status":"publish","type":"post","link":"https:\/\/diariodominicano.com\/?p=419367","title":{"rendered":"Polic\u00eda Nacional recupera dos veh\u00edculos y detiene tres personas por robo en Santiago"},"content":{"rendered":"\n<p>\u00a0Agentes de la Divisi\u00f3n de Veh\u00edculos Robados de la Polic\u00eda Nacional, recuperaron dos\u00a0\u00a0veh\u00edculos,  reportados\u00a0\u00a0como sustra\u00eddos a sus propietarios y adem\u00e1s apresaron tres personas por la comisi\u00f3n de varios robos cometidos en Santiago.<\/p>\n\n\n\n<figure class=\"wp-block-image size-full\"><img loading=\"lazy\" decoding=\"async\" width=\"175\" height=\"127\" src=\"https:\/\/diariodominicano.com\/wp-content\/uploads\/2023\/02\/unnamed-5.png\" alt=\"\" class=\"wp-image-419370\"\/><figcaption>La motocicleta recuperada<\/figcaption><\/figure>\n\n\n\n<p>Entre los veh\u00edculos recuperados figura la&nbsp;&nbsp;motocicleta marca Yamaha, modelo RXS, color negro, a\u00f1o 2000, placa No. K0588223, chasis No. MH33HB008XK233470, ocupada momentos en que el conductor de la misma solicitara una certificaci\u00f3n para fines expedici\u00f3n de matr\u00edcula y al ser depurada, present\u00f3 denuncia No. 290540, del d\u00eda 04-12-2016 como robada.<\/p>\n\n\n\n<p>Adem\u00e1s fue recuperada la jeepeta honda, modelo CRV, color negro, a\u00f1o 2002, placa No. G157413, chasis No. JHLRD78822C092540, al momento de solicitar una certificaci\u00f3n para fines de traspaso y al ser depurada,&nbsp;&nbsp;figura con denuncia No. 273571, del d\u00eda 01-04-2015.<\/p>\n\n\n\n<p>Los\u00a0\u00a0apresados son Alfredo de Jes\u00fas Rodr\u00edguez Ferreira y Luis Felipe de Le\u00f3n Vidal, ambos mayores de edad, quienes fueron arrestados en el distrito municipal Santiago Oeste, Cienfuegos, mientras transitaban a bordo de una motocicleta, despojando de un celular a una joven, en la avenida Las Colinas de ciudad Santiago.<\/p>\n\n\n\n<p>En otro hecho fue detenido Juan Rodr\u00edguez, mediante orden de arresto, por abuso de confianza, debido a que el denunciante le entrega de dos celulares para colocarle un tarjeta turbo sim, no recibiendo ninguna respuesta.<\/p>\n\n\n\n<p>En cuanto a los\u00a0\u00a0veh\u00edculos\u00a0\u00a0recuperados y los detenidos se encuentran en los departamentos correspondientes para fines de ley. SUBDIRECCION DE COMUNICACIONES ESTRATEGICAS DE LA POLICIA NACIONAL, DIRECCI\u00d3N REGIONAL CIBAO CENTR<\/p>\n\n\n\n<p>policia nacional<a target=\"_blank\" href=\"mailto:npolicia14@gmail.com\" rel=\"noreferrer noopener\">npolicia14@gmail.com<\/a><\/p>\n","protected":false},"excerpt":{"rendered":"<p>\u00a0Agentes de la Divisi\u00f3n de Veh\u00edculos Robados de la Polic\u00eda Nacional, recuperaron dos\u00a0\u00a0veh\u00edculos, reportados\u00a0\u00a0como sustra\u00eddos a sus propietarios y adem\u00e1s apresaron tres personas por la comisi\u00f3n de varios robos cometidos en Santiago. Entre los veh\u00edculos recuperados figura la&nbsp;&nbsp;motocicleta marca Yamaha, modelo RXS, color negro, a\u00f1o 2000, placa No. K0588223, chasis No. MH33HB008XK233470, ocupada momentos en [&hellip;]<\/p>\n","protected":false},"author":28,"featured_media":419368,"comment_status":"closed","ping_status":"","sticky":false,"template":"","format":"standard","meta":{"footnotes":""},"categories":[24,29,27],"tags":[],"class_list":["post-419367","post","type-post","status-publish","format-standard","has-post-thumbnail","hentry","category-justicia-y-derecho","category-policiasucesos","category-portada"],"_links":{"self":[{"href":"https:\/\/diariodominicano.com\/index.php?rest_route=\/wp\/v2\/posts\/419367","targetHints":{"allow":["GET"]}}],"collection":[{"href":"https:\/\/diariodominicano.com\/index.php?rest_route=\/wp\/v2\/posts"}],"about":[{"href":"https:\/\/diariodominicano.com\/index.php?rest_route=\/wp\/v2\/types\/post"}],"author":[{"embeddable":true,"href":"https:\/\/diariodominicano.com\/index.php?rest_route=\/wp\/v2\/users\/28"}],"replies":[{"embeddable":true,"href":"https:\/\/diariodominicano.com\/index.php?rest_route=%2Fwp%2Fv2%2Fcomments&post=419367"}],"version-history":[{"count":5,"href":"https:\/\/diariodominicano.com\/index.php?rest_route=\/wp\/v2\/posts\/419367\/revisions"}],"predecessor-version":[{"id":419374,"href":"https:\/\/diariodominicano.com\/index.php?rest_route=\/wp\/v2\/posts\/419367\/revisions\/419374"}],"wp:featuredmedia":[{"embeddable":true,"href":"https:\/\/diariodominicano.com\/index.php?rest_route=\/wp\/v2\/media\/419368"}],"wp:attachment":[{"href":"https:\/\/diariodominicano.com\/index.php?rest_route=%2Fwp%2Fv2%2Fmedia&parent=419367"}],"wp:term":[{"taxonomy":"category","embeddable":true,"href":"https:\/\/diariodominicano.com\/index.php?rest_route=%2Fwp%2Fv2%2Fcategories&post=419367"},{"taxonomy":"post_tag","embeddable":true,"href":"https:\/\/diariodominicano.com\/index.php?rest_route=%2Fwp%2Fv2%2Ftags&post=419367"}],"curies":[{"name":"wp","href":"https:\/\/api.w.org\/{rel}","templated":true}]}}