{"id":419364,"date":"2023-02-25T23:02:33","date_gmt":"2023-02-26T03:02:33","guid":{"rendered":"http:\/\/diariodominicano.com\/?p=419364"},"modified":"2023-02-25T23:02:33","modified_gmt":"2023-02-26T03:02:33","slug":"el-comercio-internacional-en-el-nuevo-orden-mundial","status":"publish","type":"post","link":"https:\/\/diariodominicano.com\/?p=419364","title":{"rendered":"EL COMERCIO INTERNACIONAL EN EL NUEVO ORDEN MUNDIAL"},"content":{"rendered":"\n<p><strong>\u201cECONOM\u00cdA\u201d<\/strong><\/p>\n\n\n\n<p><strong>Por: Pedro Julio Abreu Columna<\/strong><\/p>\n\n\n\n<p>\u00bfLa situaci\u00f3n econ\u00f3mica que est\u00e1 viviendo es: una novela, un cuento, una ficci\u00f3n? no. Todos sabemos que es una realidad, lo del d\u00eda a d\u00eda y cada mes con los recursos que recibes o que no recibe.&nbsp;&nbsp; &nbsp;Aqu\u00ed pod\u00e9is entender la econom\u00eda y la actividad que a trav\u00e9s de los siglos ha generado riquezas, y la satisfacci\u00f3n de los clientes.&nbsp;&nbsp;&nbsp;<\/p>\n\n\n\n<p>&nbsp;Es el comercio y la producci\u00f3n lo que, en todas las generaciones, ha creado ingreso, dinero y riquezas.&nbsp; Que es la base de la econom\u00eda, para las personas, la familia, las industrias (empresas) y el estado.<\/p>\n\n\n\n<p>\u201cLa mano invisible de la econom\u00eda \u201cAdam Smith\u201d\u201c<\/p>\n\n\n\n<p>La necesidad de una persona que quiere generar ingresos para sus propias necesidades, este se convierte en vendedor de producto o idea y por otro lado est\u00e1 la persona que tiene que resolver una necesidad de alimentos, vestimenta o diversi\u00f3n, este se convierte en cliente &nbsp;(comprador), encontr\u00e1ndose ambas personas en un lugar f\u00edsico o online que se le llama mercado.&nbsp;&nbsp; Produci\u00e9ndose un estado de bienestar y de satisfacci\u00f3n, para el vendedor y el comprador, cuando logran resolver esa necesidad que ten\u00eda. &nbsp;<\/p>\n\n\n\n<p>Aqu\u00ed te enterara, cu\u00e1les son los pa\u00edses m\u00e1s poderosos econ\u00f3micamente, cuales manejan el mayor por ciento del comercio y de la econom\u00eda mundial.<\/p>\n\n\n\n<p>Adem\u00e1s, se hablar\u00e1 de las personas m\u00e1s ricas del mundo y de c\u00f3mo lo lograron. Deseo que, luego de leer esta obra, haya entendido c\u00f3mo puede mejorar su econom\u00eda y su crecimiento econ\u00f3mico. Ese es mi objetivo, pues el protagonista de esta obra eres T\u00fa.<\/p>\n\n\n\n<p>La obra literaria de Pedro Julio Abreu Columna, \u201cEl Comercio Internacional en el Nuevo Orden Mundial (Econom\u00eda). &nbsp;&nbsp;&nbsp;&nbsp;Sitio web de la obra. <a href=\"https:\/\/elcomerciointernacionalenelnuevoordenmundial.com\/?fbclid=IwAR0w-Q_KdH9uZzCQUeaNnpBlUU-Ar9VJu6wd8h3i1_O_W6qL3cTVB43L_DY\">https:\/\/elcomerciointernacionalenelnuevoordenmundial.com\/?fbclid=IwAR0w-Q_KdH9uZzCQUeaNnpBlUU-Ar9VJu6wd8h3i1_O_W6qL3cTVB43L_DY<\/a><\/p>\n","protected":false},"excerpt":{"rendered":"<p>\u201cECONOM\u00cdA\u201d Por: Pedro Julio Abreu Columna \u00bfLa situaci\u00f3n econ\u00f3mica que est\u00e1 viviendo es: una novela, un cuento, una ficci\u00f3n? no. Todos sabemos que es una realidad, lo del d\u00eda a d\u00eda y cada mes con los recursos que recibes o que no recibe.&nbsp;&nbsp; &nbsp;Aqu\u00ed pod\u00e9is entender la econom\u00eda y la actividad que a trav\u00e9s de [&hellip;]<\/p>\n","protected":false},"author":28,"featured_media":419365,"comment_status":"closed","ping_status":"","sticky":true,"template":"","format":"standard","meta":{"footnotes":""},"categories":[18,29,27],"tags":[],"class_list":["post-419364","post","type-post","status-publish","format-standard","has-post-thumbnail","hentry","category-economia","category-policiasucesos","category-portada"],"_links":{"self":[{"href":"https:\/\/diariodominicano.com\/index.php?rest_route=\/wp\/v2\/posts\/419364","targetHints":{"allow":["GET"]}}],"collection":[{"href":"https:\/\/diariodominicano.com\/index.php?rest_route=\/wp\/v2\/posts"}],"about":[{"href":"https:\/\/diariodominicano.com\/index.php?rest_route=\/wp\/v2\/types\/post"}],"author":[{"embeddable":true,"href":"https:\/\/diariodominicano.com\/index.php?rest_route=\/wp\/v2\/users\/28"}],"replies":[{"embeddable":true,"href":"https:\/\/diariodominicano.com\/index.php?rest_route=%2Fwp%2Fv2%2Fcomments&post=419364"}],"version-history":[{"count":1,"href":"https:\/\/diariodominicano.com\/index.php?rest_route=\/wp\/v2\/posts\/419364\/revisions"}],"predecessor-version":[{"id":419366,"href":"https:\/\/diariodominicano.com\/index.php?rest_route=\/wp\/v2\/posts\/419364\/revisions\/419366"}],"wp:featuredmedia":[{"embeddable":true,"href":"https:\/\/diariodominicano.com\/index.php?rest_route=\/wp\/v2\/media\/419365"}],"wp:attachment":[{"href":"https:\/\/diariodominicano.com\/index.php?rest_route=%2Fwp%2Fv2%2Fmedia&parent=419364"}],"wp:term":[{"taxonomy":"category","embeddable":true,"href":"https:\/\/diariodominicano.com\/index.php?rest_route=%2Fwp%2Fv2%2Fcategories&post=419364"},{"taxonomy":"post_tag","embeddable":true,"href":"https:\/\/diariodominicano.com\/index.php?rest_route=%2Fwp%2Fv2%2Ftags&post=419364"}],"curies":[{"name":"wp","href":"https:\/\/api.w.org\/{rel}","templated":true}]}}